{"id":196069,"date":"2021-07-26T16:16:54","date_gmt":"2021-07-26T20:16:54","guid":{"rendered":"https:\/\/elluchador.info\/web\/?p=196069"},"modified":"2021-07-26T16:17:05","modified_gmt":"2021-07-26T20:17:05","slug":"ivan-duque-solicito-a-ee-uu-declarar-a-venezuela-como-promotor-del-terrorismo","status":"publish","type":"post","link":"https:\/\/elluchador.info\/?p=196069","title":{"rendered":"Iv\u00e1n Duque solicit\u00f3 a EE UU declarar a Venezuela como promotor del terrorismo"},"content":{"rendered":"\n<p>El presidente de Colombia, Iv\u00e1n Duque, le pidi\u00f3 este lunes 26 de julio a Estados Unidos que declare a Venezuela como un pa\u00eds promotor del terrorismo, pues advirti\u00f3 que el Grupo Armado Residual 33, que seg\u00fan las investigaciones atent\u00f3 contra la Brigada 30 del Ej\u00e9rcito en C\u00facuta y contra la vida del mandatario, disparando contra el helic\u00f3ptero en el que viajaba, est\u00e1 protegido en esta naci\u00f3n.<\/p>\n\n\n\n<p>El jefe de Estado advirti\u00f3 que Iv\u00e1n M\u00e1rquez, Roma\u00f1a, el Paisa, Pablito y otros disidentes de las Fuerzas Armadas Revolucionarias de Colombia tambi\u00e9n est\u00e1n en Venezuela.<\/p>\n\n\n\n<p>\u00abClaramente esa anuencia del gobierno dictatorial de Venezuela amerita una declaratoria por parte de Estados Unidos tambi\u00e9n como un pa\u00eds promotor del terrorismo\u00bb, expres\u00f3 el mandatario\u00a0<a rel=\"noreferrer noopener\" href=\"https:\/\/www.eltiempo.com\/politica\/gobierno\/ivan-duque-pide-a-ee-uu-declarar-a-venezuela-como-promotor-del-terrorismo-605897\" target=\"_blank\">durante<\/a>\u00a0el III Seminario Internacional de An\u00e1lisis y Prevenci\u00f3n del Terrorismo Urbano, en el que se encontraba el embajador de Estados Unidos en Colombia, Philip S. Goldberg.<\/p>\n\n\n\n<p>Agreg\u00f3 que esa declaraci\u00f3n tiene como objetivo no solo develar la relaci\u00f3n perniciosa, sino que obligar\u00eda al r\u00e9gimen venezolano a decidir si contin\u00faa patrocinando el terrorismo o entrega a estas personas a las autoridades de los pa\u00edses que los est\u00e1n buscando.<\/p>\n\n\n\n<p>Duque afirm\u00f3 que \u00abel terrorismo es una amenaza global que se ha sentido en distintos momentos de la historia de la humanidad, pero que despu\u00e9s del atentado del 11-S, el mundo consolid\u00f3 la reacci\u00f3n de los cuerpos de seguridad internacional para entender que este fen\u00f3meno tiene que ser desmantelado y enfrentado con todas las capacidades\u00bb.<\/p>\n\n\n\n<p>Reiter\u00f3 que desde ese momento se condena, reprocha, sanciona y act\u00faa frente a los pa\u00edses que protegen, patrocinan y le dan refugio a organizaciones terroristas.<\/p>\n\n\n\n<p>Sobre el atentado contra su vida, Duque dio un ultim\u00e1tum al Frente 33 de las disidencias de las FARC y se\u00f1al\u00f3 que todos sus planes han sido identificados y develados gracias al trabajo de inteligencia y la colaboraci\u00f3n con organismos internacionales.<\/p>\n\n\n\n<p>\u00abNo le tenemos miedo a ninguna de esas amenazas, ni nos amedrentan, ni nos amainan ni nos disminuyen. Que le quede claro a ese GAOR 33 que lo vamos a desmantelar por completo, lo vamos a doblegar y se har\u00e1 firme la naci\u00f3n colombiana frente a cualquier forma de terrorismo\u00bb, manifest\u00f3.<\/p>\n\n\n\n<p>Finalmente, pidi\u00f3 que Alex Saab, presunto testaferro de Maduro, sea extraditado a Estados Unidos; y advirti\u00f3 que alias Otoniel, jefe del Clan del Golfo, caer\u00e1 muy pronto.<\/p>\n\n\n\n<p><strong>El Nacional<\/strong><\/p>\n","protected":false},"excerpt":{"rendered":"<p>El presidente de Colombia, Iv\u00e1n Duque, le pidi\u00f3 este lunes 26 de julio a Estados Unidos que declare a Venezuela como un pa\u00eds promotor del terrorismo, pues advirti\u00f3 que el Grupo Armado Residual 33, que seg\u00fan las investigaciones atent\u00f3 contra la Brigada 30 del Ej\u00e9rcito en C\u00facuta y contra la vida del mandatario, disparando contra [&hellip;]<\/p>\n","protected":false},"author":2,"featured_media":186643,"comment_status":"closed","ping_status":"closed","sticky":false,"template":"","format":"standard","meta":{"footnotes":""},"categories":[5,8],"tags":[],"class_list":{"0":"post-196069","1":"post","2":"type-post","3":"status-publish","4":"format-standard","5":"has-post-thumbnail","7":"category-destacado","8":"category-internacionales"},"_links":{"self":[{"href":"https:\/\/elluchador.info\/index.php?rest_route=\/wp\/v2\/posts\/196069","targetHints":{"allow":["GET"]}}],"collection":[{"href":"https:\/\/elluchador.info\/index.php?rest_route=\/wp\/v2\/posts"}],"about":[{"href":"https:\/\/elluchador.info\/index.php?rest_route=\/wp\/v2\/types\/post"}],"author":[{"embeddable":true,"href":"https:\/\/elluchador.info\/index.php?rest_route=\/wp\/v2\/users\/2"}],"replies":[{"embeddable":true,"href":"https:\/\/elluchador.info\/index.php?rest_route=%2Fwp%2Fv2%2Fcomments&post=196069"}],"version-history":[{"count":1,"href":"https:\/\/elluchador.info\/index.php?rest_route=\/wp\/v2\/posts\/196069\/revisions"}],"predecessor-version":[{"id":196070,"href":"https:\/\/elluchador.info\/index.php?rest_route=\/wp\/v2\/posts\/196069\/revisions\/196070"}],"wp:featuredmedia":[{"embeddable":true,"href":"https:\/\/elluchador.info\/index.php?rest_route=\/wp\/v2\/media\/186643"}],"wp:attachment":[{"href":"https:\/\/elluchador.info\/index.php?rest_route=%2Fwp%2Fv2%2Fmedia&parent=196069"}],"wp:term":[{"taxonomy":"category","embeddable":true,"href":"https:\/\/elluchador.info\/index.php?rest_route=%2Fwp%2Fv2%2Fcategories&post=196069"},{"taxonomy":"post_tag","embeddable":true,"href":"https:\/\/elluchador.info\/index.php?rest_route=%2Fwp%2Fv2%2Ftags&post=196069"}],"curies":[{"name":"wp","href":"https:\/\/api.w.org\/{rel}","templated":true}]}}