{"id":196076,"date":"2021-07-26T16:32:04","date_gmt":"2021-07-26T20:32:04","guid":{"rendered":"https:\/\/elluchador.info\/web\/?p=196076"},"modified":"2021-07-26T16:32:06","modified_gmt":"2021-07-26T20:32:06","slug":"saime-solo-prestara-servicio-al-publico-para-tramites-de-cedulacion-esta-semana","status":"publish","type":"post","link":"https:\/\/elluchador.info\/?p=196076","title":{"rendered":"Saime solo prestar\u00e1 servicio al p\u00fablico para tr\u00e1mites de cedulaci\u00f3n esta semana"},"content":{"rendered":"\n<p>El Servicio Administrativo de Identificaci\u00f3n, Migraci\u00f3n y Extranjer\u00eda -Saime- inform\u00f3 el domingo que \u00fanicamente prestar\u00e1 servicio al publico durante esta semana para&nbsp;<strong>tr\u00e1mites de cedulaci\u00f3n<\/strong>.<\/p>\n\n\n\n<p>Este lunes&nbsp;<strong>comenz\u00f3 en Venezuela una nueva semana de radicalizaci\u00f3n<\/strong>. La instituci\u00f3n dijo&nbsp;<a href=\"https:\/\/twitter.com\/VenezuelaSaime\/status\/1419455211941281793\">a trav\u00e9s de sus redes sociales<\/a>&nbsp;que cumplir\u00e1n con la cuarentena decretada por el r\u00e9gimen de Nicol\u00e1s Maduro.<\/p>\n\n\n\n<p>\u201cInformamos a nuestros usuarios que en cumplimiento de la cuarentena radical decretada por el Ejecutivo nacional, el Saime solo prestar\u00e1 servicio al p\u00fablico en general para tr\u00e1mites de cedulaci\u00f3n en las oficinas habilitadas en todo el pa\u00eds\u201d, comunic\u00f3.<\/p>\n\n\n\n<p>Aclar\u00f3 asimismo que qued\u00f3 suspendida la atenci\u00f3n al p\u00fablico con tr\u00e1mites de pasaportes desde este lunes 26 de julio hasta el pr\u00f3ximo domingo 1 de agosto.<\/p>\n\n\n\n<p>Para la atenci\u00f3n de cedulaci\u00f3n, la instituci\u00f3n estableci\u00f3 un cronograma de acuerdo con el n\u00famero terminal de la c\u00e9dula de identidad:&nbsp;<strong>lunes, 0 y 1; martes: 2 y 3; mi\u00e9rcoles: 4 y 5; jueves 6 y 7; viernes 8 y 9<\/strong>. Record\u00f3 que la p\u00e1gina digital est\u00e1 disponible para realizar las solicitudes de tr\u00e1mites.<\/p>\n\n\n\n<p>El Saime tambi\u00e9n public\u00f3 una lista por estado en la que se se\u00f1alan cu\u00e1les ser\u00e1n sus oficinas que estar\u00e1n abiertas para la Jornada de Cedulaci\u00f3n Electoral. Los ciudadanos podr\u00e1n acudir a las sedes para obtener un nuevo documento de identidad, ya sea<strong>\u00a0por p\u00e9rdida, vencimiento o deterioro<\/strong>.<\/p>\n\n\n\n<figure class=\"wp-block-embed is-type-rich is-provider-twitter wp-block-embed-twitter\"><div class=\"wp-block-embed__wrapper\">\n<blockquote class=\"twitter-tweet\" data-width=\"550\" data-dnt=\"true\"><p lang=\"es\" dir=\"ltr\"><a href=\"https:\/\/twitter.com\/hashtag\/Importante?src=hash&amp;ref_src=twsrc%5Etfw\">#Importante<\/a> || \ud83d\udc49\ud83c\udffdInformamos a nuestros usuarios que en cumplimiento de la cuarentena radical decretada por el Ejecutivo Nacional, El <a href=\"https:\/\/twitter.com\/hashtag\/Saime?src=hash&amp;ref_src=twsrc%5Etfw\">#Saime<\/a> solo prestar\u00e1 servicio al p\u00fablico en general para tr\u00e1mites de cedulaci\u00f3n en las oficinas habilitadas en todo el pa\u00eds. <a href=\"https:\/\/t.co\/ch0lIVXxQY\">pic.twitter.com\/ch0lIVXxQY<\/a><\/p>&mdash; VenezuelaSaime (@VenezuelaSaime) <a href=\"https:\/\/twitter.com\/VenezuelaSaime\/status\/1419455211941281793?ref_src=twsrc%5Etfw\">July 26, 2021<\/a><\/blockquote><script async src=\"https:\/\/platform.twitter.com\/widgets.js\" charset=\"utf-8\"><\/script>\n<\/div><\/figure>\n\n\n\n<figure class=\"wp-block-embed is-type-rich is-provider-twitter wp-block-embed-twitter\"><div class=\"wp-block-embed__wrapper\">\n<blockquote class=\"twitter-tweet\" data-width=\"550\" data-dnt=\"true\"><p lang=\"es\" dir=\"ltr\">Estas son las oficinas habilitadas en todo el territorio nacional para la Jornada de Cedulaci\u00f3n Electoral. <br><br>\ud83d\udccc Acuda a la oficina Saime m\u00e1s cercana de su localidad para obtener su documento de identidad, ya sea por p\u00e9rdida, vencimiento o deterioro. <a href=\"https:\/\/t.co\/YrfIsUNtf9\">pic.twitter.com\/YrfIsUNtf9<\/a><\/p>&mdash; VenezuelaSaime (@VenezuelaSaime) <a href=\"https:\/\/twitter.com\/VenezuelaSaime\/status\/1419656879471484929?ref_src=twsrc%5Etfw\">July 26, 2021<\/a><\/blockquote><script async src=\"https:\/\/platform.twitter.com\/widgets.js\" charset=\"utf-8\"><\/script>\n<\/div><\/figure>\n\n\n\n<p><strong>El Nacional<\/strong><\/p>\n","protected":false},"excerpt":{"rendered":"<p>El Servicio Administrativo de Identificaci\u00f3n, Migraci\u00f3n y Extranjer\u00eda -Saime- inform\u00f3 el domingo que \u00fanicamente prestar\u00e1 servicio al publico durante esta semana para&nbsp;tr\u00e1mites de cedulaci\u00f3n. Este lunes&nbsp;comenz\u00f3 en Venezuela una nueva semana de radicalizaci\u00f3n. La instituci\u00f3n dijo&nbsp;a trav\u00e9s de sus redes sociales&nbsp;que cumplir\u00e1n con la cuarentena decretada por el r\u00e9gimen de Nicol\u00e1s Maduro. \u201cInformamos a nuestros [&hellip;]<\/p>\n","protected":false},"author":2,"featured_media":0,"comment_status":"closed","ping_status":"closed","sticky":false,"template":"","format":"standard","meta":{"footnotes":""},"categories":[5,9],"tags":[],"class_list":{"0":"post-196076","1":"post","2":"type-post","3":"status-publish","4":"format-standard","6":"category-destacado","7":"category-nacionales"},"_links":{"self":[{"href":"https:\/\/elluchador.info\/index.php?rest_route=\/wp\/v2\/posts\/196076","targetHints":{"allow":["GET"]}}],"collection":[{"href":"https:\/\/elluchador.info\/index.php?rest_route=\/wp\/v2\/posts"}],"about":[{"href":"https:\/\/elluchador.info\/index.php?rest_route=\/wp\/v2\/types\/post"}],"author":[{"embeddable":true,"href":"https:\/\/elluchador.info\/index.php?rest_route=\/wp\/v2\/users\/2"}],"replies":[{"embeddable":true,"href":"https:\/\/elluchador.info\/index.php?rest_route=%2Fwp%2Fv2%2Fcomments&post=196076"}],"version-history":[{"count":1,"href":"https:\/\/elluchador.info\/index.php?rest_route=\/wp\/v2\/posts\/196076\/revisions"}],"predecessor-version":[{"id":196077,"href":"https:\/\/elluchador.info\/index.php?rest_route=\/wp\/v2\/posts\/196076\/revisions\/196077"}],"wp:attachment":[{"href":"https:\/\/elluchador.info\/index.php?rest_route=%2Fwp%2Fv2%2Fmedia&parent=196076"}],"wp:term":[{"taxonomy":"category","embeddable":true,"href":"https:\/\/elluchador.info\/index.php?rest_route=%2Fwp%2Fv2%2Fcategories&post=196076"},{"taxonomy":"post_tag","embeddable":true,"href":"https:\/\/elluchador.info\/index.php?rest_route=%2Fwp%2Fv2%2Ftags&post=196076"}],"curies":[{"name":"wp","href":"https:\/\/api.w.org\/{rel}","templated":true}]}}