{"id":196084,"date":"2021-07-26T16:48:07","date_gmt":"2021-07-26T20:48:07","guid":{"rendered":"https:\/\/elluchador.info\/web\/?p=196084"},"modified":"2021-07-26T16:48:10","modified_gmt":"2021-07-26T20:48:10","slug":"venezuela-se-quedo-sin-boxeadores-en-tokio-hicimos-lo-que-pudimos","status":"publish","type":"post","link":"https:\/\/elluchador.info\/?p=196084","title":{"rendered":"Venezuela se qued\u00f3 sin boxeadores en Tokio: \u00abHicimos lo que pudimos\u00bb"},"content":{"rendered":"\n<p>Con la derrota de su medallista de plata en Rio-2016, Yoel Finol, Venezuela cerr\u00f3 el lunes su breve paso por el boxeo de los Juegos de Tokio, un deporte que suele estar entre sus mejores opciones ol\u00edmpicas.<\/p>\n\n\n\n<p>Finol, de 24 a\u00f1os, cay\u00f3 por decisi\u00f3n un\u00e1nime (5-0) ante un peleador local, el japon\u00e9s Ryomei Tanaka, en la ronda preliminar del peso mosca (48-52 kg).<\/p>\n\n\n\n<p>Los otros dos representantes del equipo venezolano hab\u00edan sido eliminados un d\u00eda atr\u00e1s: Nalek Korbaj en peso medio pesado masculino (75-81 kg) e Irismar Cardozo en el mosca femenino (48-51 kg).<\/p>\n\n\n\n<p>Un cuarto p\u00fagil venezolano, Eldric Sella, sufri\u00f3 otra derrota el lunes pero no bajo la bandera de su pa\u00eds sino del Equipo Ol\u00edmpico de Refugiados.<\/p>\n\n\n\n<p>\u00abVenezuela, disculpas por no dejarlos esta vez en lo m\u00e1s alto y conseguir la victoria para el pueblo pero vamos a seguir golpeando\u00bb, dijo un abatido Finol a la AFP en la zona mixta de la arena Kokugikan.<\/p>\n\n\n\n<p>Cargando un terrible drama personal sobre sus espaldas, este boxeador dio la campanada con solo 19 a\u00f1os de edad en los pasados Juegos al colgarse la medalla de plata, primer podio del pa\u00eds en esta disciplina desde Los \u00c1ngeles 1984.<\/p>\n\n\n\n<p>Originalmente Finol gan\u00f3 el bronce pero despu\u00e9s le fue asignada la plata por dopaje del ruso Misha Aloian.<\/p>\n\n\n\n<p>Cinco a\u00f1os despu\u00e9s, en su regreso a un ring ol\u00edmpico, el p\u00fagil de M\u00e9rida se estrell\u00f3 ante un experimentado rival que fue noveno en el pasado Mundial de 2019.<\/p>\n\n\n\n<p>El japon\u00e9s tom\u00f3 una amplia ventaja en los dos primeros asaltos, lo que llev\u00f3 a que el venezolano asumiera demasiados riesgos en el \u00faltimo periodo y terminara con contundente 5-0 en contra.<\/p>\n\n\n\n<p>Para conquistar su inesperada medalla en Rio, Finol se sobrepuso al asesinato de su hermana a manos de su mentor, el doble campe\u00f3n mundial Edwin Valero.<\/p>\n\n\n\n<p>Valero estaba casado con su hermana Jennifer, con quien tuvo dos hijos, y Finol dio sus primeros pasos en el ring bajo su gu\u00eda cuando era un chico de 13 a\u00f1os.<\/p>\n\n\n\n<p>Las drogas y el alcohol destruyeron a Valero, quien asesin\u00f3 a Jennifer el 17 de abril de 2010, se entreg\u00f3 a la polic\u00eda y se suicid\u00f3 en su celda.<\/p>\n\n\n\n<p>Antes de viajar a Tokio, Finol dijo en una entrevista a la&nbsp;<a href=\"https:\/\/twitter.com\/AFPespanol?ref_src=twsrc%5Egoogle%7Ctwcamp%5Eserp%7Ctwgr%5Eauthor\">AFP<\/a>&nbsp;que hab\u00eda perdonado a Valero por aquel desgarrador dolor que le caus\u00f3, qued\u00e1ndose con los buenos recuerdos.<\/p>\n\n\n\n<p>\u00ab\u00c9l fue para m\u00ed una inspiraci\u00f3n y compart\u00ed mucho tiempo con \u00e9l\u2026 Estaba en su mundo profesional y yo entrenaba con \u00e9l\u00bb, record\u00f3.<\/p>\n\n\n\n<h2 class=\"wp-block-heading\">\u00abHicimos lo que pudimos\u00bb<\/h2>\n\n\n\n<p>El ciclo ol\u00edmpico de Finol fue golpeado por la crisis y los conflictos dirigenciales por el control de la federaci\u00f3n de boxeo, perdi\u00e9ndose los Juegos Centroamericanos y del Caribe de 2018 por falta de boletos a\u00e9reos para la selecci\u00f3n nacional que viajar\u00eda al clasificatorio.<\/p>\n\n\n\n<p>Preguntado sobre los motivos de la pronta eliminaci\u00f3n de todo su equipo, Finol se\u00f1al\u00f3 hacia el nivel competitivo del boxeo ol\u00edmpico.<\/p>\n\n\n\n<p>\u00abEn este ring no hay rival peque\u00f1o, estamos los mejores del mundo y cada pelea es una final\u00bb, justific\u00f3. \u00abHicimos lo que pudimos\u00bb.<\/p>\n\n\n\n<p>\u00abEs experiencia que seguimos agarrando. Los tres somos j\u00f3venes, nos queda carrera por delante\u00bb, indic\u00f3.<\/p>\n\n\n\n<p>En su caso, Finol podr\u00eda abandonar pronto el boxeo amateur para quedarse en el profesionalismo, donde ya ha dado sus primeros pasos con tres combates celebrados en Colombia, los tres saldados con triunfos.<\/p>\n\n\n\n<p>El boxeo es uno de los deportes ol\u00edmpicos m\u00e1s representativos de Venezuela y el que le dio su primer oro de la mano de Francisco \u2018Morochito\u2019 Rodr\u00edguez en M\u00e9xico-1968.<\/p>\n\n\n\n<p>Siguieron su estela en el ring Pedro Gamarro, Bernardo Pi\u00f1ango y Finol, con platas en Montreal-1976, Mosc\u00fa-1980 y Rio-2016; y Marcelino Bol\u00edvar y Omar Catar\u00ed, con bronces en Los \u00c1ngeles-1984.<\/p>\n\n\n\n<h2 class=\"wp-block-heading\">\u00abYo tambi\u00e9n represento a Venezuela\u00bb<\/h2>\n\n\n\n<p>Por su parte Eldric Sella, primer deportista latinoamericano en el Equipo Ol\u00edmpico de Refugiados, sufri\u00f3 un noc\u00e1ut t\u00e9cnico con 67 segundos de combate ante el dominicano Euri Cede\u00f1o en el peso mediano (69-75 kg).<\/p>\n\n\n\n<p>Conteniendo la emoci\u00f3n y la rabia por la veloz eliminaci\u00f3n, Sella quiso recalcar que, pese a su situaci\u00f3n, se siente parte del boxeo de su pa\u00eds.<\/p>\n\n\n\n<p>\u00abYo represento a Venezuela tambi\u00e9n\u00bb, dijo Sella, quien pidi\u00f3 asilo en 2018 en Trinidad y Tobago ante la crisis econ\u00f3mica y de seguridad en el pa\u00eds suramericano.<\/p>\n\n\n\n<p>\u00abVine como refugiado pero, para m\u00ed, yo sigo representando a mi pa\u00eds, a los que se fueron y a los que est\u00e1n ah\u00ed y siguen luchando por un mejor pa\u00eds\u00bb, alcanz\u00f3 a decir. \u00abMe siento mal por no haber cumplido con ellos ni conmigo mismo\u00bb.<\/p>\n\n\n\n<p>Por el Equipo Ol\u00edmpico de Refugiados, creado en los pasados Juegos de Rio-2016, han competido atletas de una docena de pa\u00edses como Siria, Sud\u00e1n del Sur y Afganist\u00e1n.<\/p>\n\n\n\n<p><strong>El Nacional<\/strong><\/p>\n","protected":false},"excerpt":{"rendered":"<p>Con la derrota de su medallista de plata en Rio-2016, Yoel Finol, Venezuela cerr\u00f3 el lunes su breve paso por el boxeo de los Juegos de Tokio, un deporte que suele estar entre sus mejores opciones ol\u00edmpicas. Finol, de 24 a\u00f1os, cay\u00f3 por decisi\u00f3n un\u00e1nime (5-0) ante un peleador local, el japon\u00e9s Ryomei Tanaka, en [&hellip;]<\/p>\n","protected":false},"author":2,"featured_media":196085,"comment_status":"closed","ping_status":"closed","sticky":false,"template":"","format":"standard","meta":{"footnotes":""},"categories":[1,5],"tags":[],"class_list":{"0":"post-196084","1":"post","2":"type-post","3":"status-publish","4":"format-standard","5":"has-post-thumbnail","7":"category-deporte","8":"category-destacado"},"_links":{"self":[{"href":"https:\/\/elluchador.info\/index.php?rest_route=\/wp\/v2\/posts\/196084","targetHints":{"allow":["GET"]}}],"collection":[{"href":"https:\/\/elluchador.info\/index.php?rest_route=\/wp\/v2\/posts"}],"about":[{"href":"https:\/\/elluchador.info\/index.php?rest_route=\/wp\/v2\/types\/post"}],"author":[{"embeddable":true,"href":"https:\/\/elluchador.info\/index.php?rest_route=\/wp\/v2\/users\/2"}],"replies":[{"embeddable":true,"href":"https:\/\/elluchador.info\/index.php?rest_route=%2Fwp%2Fv2%2Fcomments&post=196084"}],"version-history":[{"count":1,"href":"https:\/\/elluchador.info\/index.php?rest_route=\/wp\/v2\/posts\/196084\/revisions"}],"predecessor-version":[{"id":196086,"href":"https:\/\/elluchador.info\/index.php?rest_route=\/wp\/v2\/posts\/196084\/revisions\/196086"}],"wp:featuredmedia":[{"embeddable":true,"href":"https:\/\/elluchador.info\/index.php?rest_route=\/wp\/v2\/media\/196085"}],"wp:attachment":[{"href":"https:\/\/elluchador.info\/index.php?rest_route=%2Fwp%2Fv2%2Fmedia&parent=196084"}],"wp:term":[{"taxonomy":"category","embeddable":true,"href":"https:\/\/elluchador.info\/index.php?rest_route=%2Fwp%2Fv2%2Fcategories&post=196084"},{"taxonomy":"post_tag","embeddable":true,"href":"https:\/\/elluchador.info\/index.php?rest_route=%2Fwp%2Fv2%2Ftags&post=196084"}],"curies":[{"name":"wp","href":"https:\/\/api.w.org\/{rel}","templated":true}]}}