{"id":196087,"date":"2021-07-26T19:11:48","date_gmt":"2021-07-26T23:11:48","guid":{"rendered":"https:\/\/elluchador.info\/web\/?p=196087"},"modified":"2021-07-26T19:11:49","modified_gmt":"2021-07-26T23:11:49","slug":"fedecamaras-apuesta-al-dialogo-para-crear-un-nuevo-modelo-de-pais","status":"publish","type":"post","link":"https:\/\/elluchador.info\/?p=196087","title":{"rendered":"Fedec\u00e1maras apuesta al di\u00e1logo para crear un nuevo modelo de pa\u00eds"},"content":{"rendered":"\n<p><br>El presidente de Fedec\u00e1maras Carlos Fern\u00e1ndez, lamenta que dada la coyuntura que atraviesa el pa\u00eds se pierdan las perspectivas y s\u00f3lo se aprecie lo negativo. \u201cHay que convencer al pa\u00eds de que el futuro ser\u00e1 directamente proporcional al esfuerzo de los ciudadanos\u201d.<\/p>\n\n\n\n<p>\u201cEl camino adecuado es aquel en el que podamos ir acompa\u00f1ados y estar juntos, no podemos pretender construir un pa\u00eds de divisiones, separaciones, un pa\u00eds destruido\u201d, enfatiz\u00f3.<\/p>\n\n\n\n<p>En entrevista a Eduardo Rodr\u00edguez en el espacio A Tiempo de Uni\u00f3n Radio, insisti\u00f3 en que para recuperar la deteriorada econom\u00eda \u201chay que tener conciencia de que el camino es largo y tortuoso (\u2026) Lo importante es tratar de incorporar a la mayor cantidad de personas, deber\u00eda ser una decisi\u00f3n consensuada\u201d.<\/p>\n\n\n\n<p>En el plano pol\u00edtico, el empresario reiter\u00f3 que Fedec\u00e1maras es \u00abamiga del di\u00e1logo y apuesta por crear el modelo que todos queremos para las pr\u00f3ximas generaciones. \u201cEl pa\u00eds necesita entrar en un proceso de di\u00e1logo, ojal\u00e1 sea bien profundo y de largo aliento y es muy importante la reinstitucionalizaci\u00f3n de las instituciones democr\u00e1ticas\u201d.<\/p>\n\n\n\n<p>Destac\u00f3 la importancia de volver a la pol\u00edtica porque, en su opini\u00f3n, es \u201cla \u00fanica manera de resolver los problemas y diferencias, es sentarnos en una mesa con madurez y prop\u00f3sito com\u00fan y poniendo por encima de todo los problemas de los ciudadanos del pa\u00eds a las parcialidades pol\u00edticas y creo que eso est\u00e1 ocurriendo pese a las diferencias y dificultades\u201d.<\/p>\n\n\n\n<p>\u201cCelebro el regreso de la pol\u00edtica porque es el regreso de la civilidad\u201d, asever\u00f3.<\/p>\n\n\n\n<p>Insta a incorporar a todos los factores sociales en el dialogo para dise\u00f1ar el nuevo modelo de pa\u00eds. \u201cQue mejor manera de poder expresarse el ciudadano de manera secreta y sin compromiso que participar en cualquier proceso eleccionario (\u2026) El pa\u00eds tiene que darse ese camino, nadie puede venir a impon\u00e9rnoslo\u201d.<\/p>\n\n\n\n<p>Se\u00f1al\u00f3 que la dirigencia pol\u00edtica percibi\u00f3 que no hay avances sino hay movilizaci\u00f3n social \u201cy la participaci\u00f3n electoral es una forma de movilizaci\u00f3n social\u201d.<\/p>\n\n\n\n<p>Fern\u00e1ndez considera que la repuesta a los problemas del pa\u00eds est\u00e1 viendo de abajo hacia arriba. \u201cAnte la inacci\u00f3n lo que est\u00e1n surgiendo soluciones del mercado (\u2026) y quiz\u00e1s el mejor ejemplo y el m\u00e1s palpable es la dolarizaci\u00f3n del pa\u00eds\u201d.<\/p>\n\n\n\n<p>Dolarizaci\u00f3n<\/p>\n\n\n\n<p>\u201cNadie la decret\u00f3, la discuti\u00f3, ni se firm\u00f3 una acuerdo con la Reserva Federal estadounidense \u2013FED- para utilizar a moneda pero el mercado comenz\u00f3 a poner los d\u00f3lares en circulaci\u00f3n (\u2026) y eso es lo que llamamos las soluciones de la libre iniciativa\u201d, precis\u00f3.<\/p>\n\n\n\n<p>El tambi\u00e9n abogado subray\u00f3 que la iniciativa privada le est\u00e1 dando respuesta a la falta de pol\u00edticas p\u00fablicas y, a su juicio, es as\u00ed \u201ccomo deber\u00eda engranar un nuevo modelo de desarrollo pol\u00edtico y econ\u00f3mico que le de inclusi\u00f3n y capacidades a los ciudadanos\u201d.<\/p>\n\n\n\n<p>\u201cEl venezolano tiene vocaci\u00f3n de integrarse y de integrar lo mejor que existe (\u2026) La iniciativa privada bien articulada, estimulada y protegida va a traer las soluciones a los grandes problemas del pa\u00eds\u201d.<\/p>\n\n\n\n<p>Uni\u00f3n Radio<\/p>\n","protected":false},"excerpt":{"rendered":"<p>El presidente de Fedec\u00e1maras Carlos Fern\u00e1ndez, lamenta que dada la coyuntura que atraviesa el pa\u00eds se pierdan las perspectivas y s\u00f3lo se aprecie lo negativo. \u201cHay que convencer al pa\u00eds de que el futuro ser\u00e1 directamente proporcional al esfuerzo de los ciudadanos\u201d. \u201cEl camino adecuado es aquel en el que podamos ir acompa\u00f1ados y estar [&hellip;]<\/p>\n","protected":false},"author":2,"featured_media":196088,"comment_status":"closed","ping_status":"closed","sticky":false,"template":"","format":"standard","meta":{"footnotes":""},"categories":[5],"tags":[],"class_list":{"0":"post-196087","1":"post","2":"type-post","3":"status-publish","4":"format-standard","5":"has-post-thumbnail","7":"category-destacado"},"_links":{"self":[{"href":"https:\/\/elluchador.info\/index.php?rest_route=\/wp\/v2\/posts\/196087","targetHints":{"allow":["GET"]}}],"collection":[{"href":"https:\/\/elluchador.info\/index.php?rest_route=\/wp\/v2\/posts"}],"about":[{"href":"https:\/\/elluchador.info\/index.php?rest_route=\/wp\/v2\/types\/post"}],"author":[{"embeddable":true,"href":"https:\/\/elluchador.info\/index.php?rest_route=\/wp\/v2\/users\/2"}],"replies":[{"embeddable":true,"href":"https:\/\/elluchador.info\/index.php?rest_route=%2Fwp%2Fv2%2Fcomments&post=196087"}],"version-history":[{"count":1,"href":"https:\/\/elluchador.info\/index.php?rest_route=\/wp\/v2\/posts\/196087\/revisions"}],"predecessor-version":[{"id":196089,"href":"https:\/\/elluchador.info\/index.php?rest_route=\/wp\/v2\/posts\/196087\/revisions\/196089"}],"wp:featuredmedia":[{"embeddable":true,"href":"https:\/\/elluchador.info\/index.php?rest_route=\/wp\/v2\/media\/196088"}],"wp:attachment":[{"href":"https:\/\/elluchador.info\/index.php?rest_route=%2Fwp%2Fv2%2Fmedia&parent=196087"}],"wp:term":[{"taxonomy":"category","embeddable":true,"href":"https:\/\/elluchador.info\/index.php?rest_route=%2Fwp%2Fv2%2Fcategories&post=196087"},{"taxonomy":"post_tag","embeddable":true,"href":"https:\/\/elluchador.info\/index.php?rest_route=%2Fwp%2Fv2%2Ftags&post=196087"}],"curies":[{"name":"wp","href":"https:\/\/api.w.org\/{rel}","templated":true}]}}