{"id":196091,"date":"2021-07-26T19:41:11","date_gmt":"2021-07-26T23:41:11","guid":{"rendered":"https:\/\/elluchador.info\/web\/?p=196091"},"modified":"2021-07-26T19:41:12","modified_gmt":"2021-07-26T23:41:12","slug":"arreaza-tilda-a-duque-de-cinico-por-acusar-a-venezuela-de-terrorismo","status":"publish","type":"post","link":"https:\/\/elluchador.info\/?p=196091","title":{"rendered":"Arreaza tilda a Duque de \u00abc\u00ednico\u00bb por acusar a Venezuela de terrorismo"},"content":{"rendered":"\n<p>El canciller, Jorge Arreaza, calific\u00f3 al mandatario colombiano, Iv\u00e1n Duque de \u00abc\u00ednico\u00bb por la acusaci\u00f3n hecha contra el gobierno del presidente Nicol\u00e1s Maduro y la petici\u00f3n a Estados Unidos de declarar a Venezuela como un pa\u00eds \u00abpromotor del terrorismo\u00bb.<\/p>\n\n\n\n<p>Arreaza asever\u00f3 que Duque est\u00e1 al frente de \u00abuna f\u00e1brica de terroristas en el poder que ha liquidado la opci\u00f3n de la paz y que env\u00eda mercenarios para generar violencia y asesinar presidentes en la regi\u00f3n\u00bb.<\/p>\n\n\n\n<p>\u00abDuque, no sea tan c\u00ednico. Usted est\u00e1 al frente de un narcogobierno exportador de drogas y violencia. Una f\u00e1brica de terroristas en el poder que ha liquidado la opci\u00f3n de la paz interna y env\u00eda mercenarios para generar violencia y asesinar presidentes en la regi\u00f3n\u00bb, escribi\u00f3 Arreaza en su cuenta de Twitter.<\/p>\n\n\n\n<p>El mensaje tambi\u00e9n es una respuesta a otro de Duque en el que acusa a Venezuela\u00bb de albergar \u00aben su territorio a disidentes de las FARC.<\/p>\n\n\n\n<p>\u00abEsa anuencia amerita una declaratoria, por parte de los EEUU, de ese r\u00e9gimen como promotor del terrorismo, que sirva para revelar esa relaci\u00f3n connivente y perniciosa\u00bb, destac\u00f3 el mandatario colombiano en Twitter.<\/p>\n\n\n\n<figure class=\"wp-block-embed is-type-rich is-provider-twitter wp-block-embed-twitter\"><div class=\"wp-block-embed__wrapper\">\n<blockquote class=\"twitter-tweet\" data-width=\"550\" data-dnt=\"true\"><p lang=\"es\" dir=\"ltr\">.<a href=\"https:\/\/twitter.com\/IvanDuque?ref_src=twsrc%5Etfw\">@IvanDuque<\/a> no sea tan c\u00ednico. Usted est\u00e1 al frente de un narco gobierno exportador de drogas y violencia. Una f\u00e1brica de terroristas en el poder que ha liquidado la opci\u00f3n de la paz interna y env\u00eda mercenarios para generar violencia y asesinar Presidentes en la regi\u00f3n. <a href=\"https:\/\/t.co\/Ds6gL8tRQV\">https:\/\/t.co\/Ds6gL8tRQV<\/a><\/p>&mdash; Jorge Arreaza M (@jaarreaza) <a href=\"https:\/\/twitter.com\/jaarreaza\/status\/1419751867727368196?ref_src=twsrc%5Etfw\">July 26, 2021<\/a><\/blockquote><script async src=\"https:\/\/platform.twitter.com\/widgets.js\" charset=\"utf-8\"><\/script>\n<\/div><\/figure>\n","protected":false},"excerpt":{"rendered":"<p>El canciller, Jorge Arreaza, calific\u00f3 al mandatario colombiano, Iv\u00e1n Duque de \u00abc\u00ednico\u00bb por la acusaci\u00f3n hecha contra el gobierno del presidente Nicol\u00e1s Maduro y la petici\u00f3n a Estados Unidos de declarar a Venezuela como un pa\u00eds \u00abpromotor del terrorismo\u00bb. Arreaza asever\u00f3 que Duque est\u00e1 al frente de \u00abuna f\u00e1brica de terroristas en el poder que [&hellip;]<\/p>\n","protected":false},"author":2,"featured_media":196092,"comment_status":"closed","ping_status":"closed","sticky":false,"template":"","format":"standard","meta":{"footnotes":""},"categories":[5,9],"tags":[],"class_list":{"0":"post-196091","1":"post","2":"type-post","3":"status-publish","4":"format-standard","5":"has-post-thumbnail","7":"category-destacado","8":"category-nacionales"},"_links":{"self":[{"href":"https:\/\/elluchador.info\/index.php?rest_route=\/wp\/v2\/posts\/196091","targetHints":{"allow":["GET"]}}],"collection":[{"href":"https:\/\/elluchador.info\/index.php?rest_route=\/wp\/v2\/posts"}],"about":[{"href":"https:\/\/elluchador.info\/index.php?rest_route=\/wp\/v2\/types\/post"}],"author":[{"embeddable":true,"href":"https:\/\/elluchador.info\/index.php?rest_route=\/wp\/v2\/users\/2"}],"replies":[{"embeddable":true,"href":"https:\/\/elluchador.info\/index.php?rest_route=%2Fwp%2Fv2%2Fcomments&post=196091"}],"version-history":[{"count":1,"href":"https:\/\/elluchador.info\/index.php?rest_route=\/wp\/v2\/posts\/196091\/revisions"}],"predecessor-version":[{"id":196093,"href":"https:\/\/elluchador.info\/index.php?rest_route=\/wp\/v2\/posts\/196091\/revisions\/196093"}],"wp:featuredmedia":[{"embeddable":true,"href":"https:\/\/elluchador.info\/index.php?rest_route=\/wp\/v2\/media\/196092"}],"wp:attachment":[{"href":"https:\/\/elluchador.info\/index.php?rest_route=%2Fwp%2Fv2%2Fmedia&parent=196091"}],"wp:term":[{"taxonomy":"category","embeddable":true,"href":"https:\/\/elluchador.info\/index.php?rest_route=%2Fwp%2Fv2%2Fcategories&post=196091"},{"taxonomy":"post_tag","embeddable":true,"href":"https:\/\/elluchador.info\/index.php?rest_route=%2Fwp%2Fv2%2Ftags&post=196091"}],"curies":[{"name":"wp","href":"https:\/\/api.w.org\/{rel}","templated":true}]}}