{"id":196097,"date":"2021-07-26T20:26:39","date_gmt":"2021-07-27T00:26:39","guid":{"rendered":"https:\/\/elluchador.info\/web\/?p=196097"},"modified":"2021-07-26T20:26:57","modified_gmt":"2021-07-27T00:26:57","slug":"especialistas-temen-que-covid-19-eleve-casos-de-cancer-de-pulmon","status":"publish","type":"post","link":"https:\/\/elluchador.info\/?p=196097","title":{"rendered":"Especialistas temen que covid-19 eleve casos de c\u00e1ncer de pulm\u00f3n"},"content":{"rendered":"\n<p>Los casos de c\u00e1ncer de pulm\u00f3n han aumentado en los \u00faltimos a\u00f1os y, aunque todav\u00eda no se tienen datos sobre c\u00f3mo la covid-19 podr\u00eda incidir en el desarrollo de esta enfermedad, es un temor que los especialistas han empezado a tener.<\/p>\n\n\n\n<p>\u00abSabemos que una de las causas de c\u00e1ncer son las enfermedades pulmonares benignas, y la covid-19 afecta principalmente al pulm\u00f3n, pero todav\u00eda es pronto para saber si incidir\u00e1 en que aparezca este tipo de c\u00e1ncer, aunque es un gran temor que tenemos como especialistas\u00bb, se\u00f1al\u00f3 este lunes en conferencia de prensa la onc\u00f3loga Yolanda Bautista.<\/p>\n\n\n\n<p>La experta puntualiz\u00f3 que hasta el 2020 el c\u00e1ncer de pulm\u00f3n, que conmemora su D\u00eda Mundial el pr\u00f3ximo 1 de agosto, ocup\u00f3 el segundo lugar en mayor n\u00famero de c\u00e1ncer a nivel mundial y el primero en n\u00famero de muertes, seg\u00fan datos de la base de datos GLOBOCAN.<\/p>\n\n\n\n<p>Asimismo, Bautista explic\u00f3 que tan solo en 2020 se diagnosticaron 2,2 millones de nuevos casos de este tipo de c\u00e1ncer, mientras que en M\u00e9xico se hicieron 7.810 nuevos diagn\u00f3sticos.<\/p>\n\n\n\n<p>En cuanto a su letalidad, detall\u00f3 que es una de las principales causas de muerte, pues el a\u00f1o pasado caus\u00f3 1,79 millones de defunciones a nivel global, mientras que, en M\u00e9xico, fue responsable del 18 % del total de las defunciones por c\u00e1ncer, es decir, unas 7.100 personas en el a\u00f1o.<\/p>\n\n\n\n<p>Detall\u00f3 que el de c\u00e9lulas no peque\u00f1as es el tipo m\u00e1s com\u00fan de c\u00e1ncer de pulm\u00f3n y representa el 84 % de todos los diagn\u00f3sticos de esa enfermedad.<\/p>\n\n\n\n<p>La experta cont\u00f3 que el 75 % desarrolla c\u00e1ncer de pulm\u00f3n por tabaquismo y el resto por exposici\u00f3n a le\u00f1a quemada, asbesto, antecedentes de tuberculosis, fibrosis en el \u00f3rgano, incluso por contaminaci\u00f3n ambiental.<\/p>\n\n\n\n<p>EFE<\/p>\n","protected":false},"excerpt":{"rendered":"<p>Los casos de c\u00e1ncer de pulm\u00f3n han aumentado en los \u00faltimos a\u00f1os y, aunque todav\u00eda no se tienen datos sobre c\u00f3mo la covid-19 podr\u00eda incidir en el desarrollo de esta enfermedad, es un temor que los especialistas han empezado a tener. \u00abSabemos que una de las causas de c\u00e1ncer son las enfermedades pulmonares benignas, y [&hellip;]<\/p>\n","protected":false},"author":2,"featured_media":196098,"comment_status":"closed","ping_status":"closed","sticky":false,"template":"","format":"standard","meta":{"footnotes":""},"categories":[5,19],"tags":[],"class_list":{"0":"post-196097","1":"post","2":"type-post","3":"status-publish","4":"format-standard","5":"has-post-thumbnail","7":"category-destacado","8":"category-salud"},"_links":{"self":[{"href":"https:\/\/elluchador.info\/index.php?rest_route=\/wp\/v2\/posts\/196097","targetHints":{"allow":["GET"]}}],"collection":[{"href":"https:\/\/elluchador.info\/index.php?rest_route=\/wp\/v2\/posts"}],"about":[{"href":"https:\/\/elluchador.info\/index.php?rest_route=\/wp\/v2\/types\/post"}],"author":[{"embeddable":true,"href":"https:\/\/elluchador.info\/index.php?rest_route=\/wp\/v2\/users\/2"}],"replies":[{"embeddable":true,"href":"https:\/\/elluchador.info\/index.php?rest_route=%2Fwp%2Fv2%2Fcomments&post=196097"}],"version-history":[{"count":1,"href":"https:\/\/elluchador.info\/index.php?rest_route=\/wp\/v2\/posts\/196097\/revisions"}],"predecessor-version":[{"id":196099,"href":"https:\/\/elluchador.info\/index.php?rest_route=\/wp\/v2\/posts\/196097\/revisions\/196099"}],"wp:featuredmedia":[{"embeddable":true,"href":"https:\/\/elluchador.info\/index.php?rest_route=\/wp\/v2\/media\/196098"}],"wp:attachment":[{"href":"https:\/\/elluchador.info\/index.php?rest_route=%2Fwp%2Fv2%2Fmedia&parent=196097"}],"wp:term":[{"taxonomy":"category","embeddable":true,"href":"https:\/\/elluchador.info\/index.php?rest_route=%2Fwp%2Fv2%2Fcategories&post=196097"},{"taxonomy":"post_tag","embeddable":true,"href":"https:\/\/elluchador.info\/index.php?rest_route=%2Fwp%2Fv2%2Ftags&post=196097"}],"curies":[{"name":"wp","href":"https:\/\/api.w.org\/{rel}","templated":true}]}}