{"id":196109,"date":"2021-07-26T21:24:34","date_gmt":"2021-07-27T01:24:34","guid":{"rendered":"https:\/\/elluchador.info\/web\/?p=196109"},"modified":"2021-07-26T21:24:35","modified_gmt":"2021-07-27T01:24:35","slug":"siguen-desmantelando-a-la-udo-bolivar","status":"publish","type":"post","link":"https:\/\/elluchador.info\/?p=196109","title":{"rendered":"Siguen desmantelando a la Udo Bol\u00edvar"},"content":{"rendered":"\n<p>**** El fin de semana fueron desmantelados los miniauditorios en la Escuela de Ciencias de la Tierra en la Sabanita, que en d\u00edas anteriores hab\u00edan sido recuperados en una jornada de servicio comunitario por un grupo de estudiantes.<\/p>\n\n\n\n<p>**** La decana del n\u00facleo Bol\u00edvar Maria Casado reiter\u00f3 el llamado a los entes gubernamentales a brindar seguridad ante tales hechos que pretenden acabar con la academ\u00eda.<\/p>\n\n\n\n<p>(Prensa Udo Bol\u00edvar).- Otro acto de v\u00e1ndalismo sufre el n\u00facleo Bol\u00edvar de la Universidad de Oriente (UDO Bol\u00edvar), cuando este fin de semana fueron desmantelados los miniauditorios en la Escuela de Ciencias de la Tierra, que d\u00edas anteriores hab\u00edan sido recuperados por un grupo de estudiantes en servicio comunitario.<br>Las butacas fueron sacadas, algunas destrozadas, y otras hurtadas. La decana del n\u00facleo de la Udo Bol\u00edvar, Maria Coromoto Casado, manifest\u00f3 su preocupaci\u00f3n y pesar a una situaci\u00f3n que ya ha superado cualquier l\u00edmite. \u201cSe sigue atacando, y destruyendo con sa\u00f1a la universidad, y contra bienes que se hab\u00edan recuperado\u201d, asever\u00f3.<br>Los estudiantes de servicio comunitario se\u00f1alaron que \u201cdespu\u00e9s de un arduo trabajo en el rescate de las instalaciones\u201d, este lunes se encontraron con que \u201cla delincuencia arras\u00f3 con todas las sillas de los tres miniauditorios, que la semana pasada estaban en buenas condiciones\u201d.<\/p>\n\n\n\n<p>Triste y doloroso<br>Desde que inici\u00f3 la pandemia, la Udo Bol\u00edvar ha sido blanco constante de hurtos, saqueos, destrucci\u00f3n y desmantelamiento. De acuerdo a las autoridades del n\u00facleo por lo menos unos 20 \u00f3 m\u00e1s hurtos y saqueos se han perpetrado en las instalaciones udistas, fundamentalmente, en Ciencias de la Tierra y Unidad de Cursos B\u00e1sicos.<br>Desde la coordinaci\u00f3n administrativa del n\u00facleo, Yusmely Caraballo, se\u00f1al\u00f3 que se est\u00e1 tratando de recuperar por lo menos algunos espacios, y poder tenerlos disponibles por si se llegar\u00e1 a iniciar en octubre actividades semi presenciales.<br>\u201cEs triste y doloroso\u201d ven como destrozan lo que con esfuerzo se est\u00e1 haciendo por recuperar, lament\u00f3.<br>El desmantelamiento es total contra la Udo Bol\u00edvar, y pudiera pensarse se tratar\u00e1 de que lo hacen por gusto, consider\u00f3.<br>Las autoridades del n\u00facleo reiteraron el llamado a los entes gubernamentales a atender esta situaci\u00f3n de hurto y saqueos y dar con los responsables de estas acciones v\u00e1ndalicas.<br>Cabe destacar que Ciencias de la Tierra y B\u00e1sico est\u00e1n ubicados en el sector la Sabanita, colindando con algunos sectores populares, donde en anteriores oportunidades fueron localizados bienes de la universidad. Texto: C.M. CNP 9.261<\/p>\n","protected":false},"excerpt":{"rendered":"<p>**** El fin de semana fueron desmantelados los miniauditorios en la Escuela de Ciencias de la Tierra en la Sabanita, que en d\u00edas anteriores hab\u00edan sido recuperados en una jornada de servicio comunitario por un grupo de estudiantes. **** La decana del n\u00facleo Bol\u00edvar Maria Casado reiter\u00f3 el llamado a los entes gubernamentales a brindar [&hellip;]<\/p>\n","protected":false},"author":2,"featured_media":196110,"comment_status":"closed","ping_status":"closed","sticky":false,"template":"","format":"standard","meta":{"footnotes":""},"categories":[5,12],"tags":[],"class_list":{"0":"post-196109","1":"post","2":"type-post","3":"status-publish","4":"format-standard","5":"has-post-thumbnail","7":"category-destacado","8":"category-regionales"},"_links":{"self":[{"href":"https:\/\/elluchador.info\/index.php?rest_route=\/wp\/v2\/posts\/196109","targetHints":{"allow":["GET"]}}],"collection":[{"href":"https:\/\/elluchador.info\/index.php?rest_route=\/wp\/v2\/posts"}],"about":[{"href":"https:\/\/elluchador.info\/index.php?rest_route=\/wp\/v2\/types\/post"}],"author":[{"embeddable":true,"href":"https:\/\/elluchador.info\/index.php?rest_route=\/wp\/v2\/users\/2"}],"replies":[{"embeddable":true,"href":"https:\/\/elluchador.info\/index.php?rest_route=%2Fwp%2Fv2%2Fcomments&post=196109"}],"version-history":[{"count":1,"href":"https:\/\/elluchador.info\/index.php?rest_route=\/wp\/v2\/posts\/196109\/revisions"}],"predecessor-version":[{"id":196111,"href":"https:\/\/elluchador.info\/index.php?rest_route=\/wp\/v2\/posts\/196109\/revisions\/196111"}],"wp:featuredmedia":[{"embeddable":true,"href":"https:\/\/elluchador.info\/index.php?rest_route=\/wp\/v2\/media\/196110"}],"wp:attachment":[{"href":"https:\/\/elluchador.info\/index.php?rest_route=%2Fwp%2Fv2%2Fmedia&parent=196109"}],"wp:term":[{"taxonomy":"category","embeddable":true,"href":"https:\/\/elluchador.info\/index.php?rest_route=%2Fwp%2Fv2%2Fcategories&post=196109"},{"taxonomy":"post_tag","embeddable":true,"href":"https:\/\/elluchador.info\/index.php?rest_route=%2Fwp%2Fv2%2Ftags&post=196109"}],"curies":[{"name":"wp","href":"https:\/\/api.w.org\/{rel}","templated":true}]}}