{"id":196131,"date":"2021-07-27T15:39:07","date_gmt":"2021-07-27T19:39:07","guid":{"rendered":"https:\/\/elluchador.info\/web\/?p=196131"},"modified":"2021-07-27T15:39:09","modified_gmt":"2021-07-27T19:39:09","slug":"fallecio-enrique-planchart-rector-de-la-universidad-simon-bolivar","status":"publish","type":"post","link":"https:\/\/elluchador.info\/?p=196131","title":{"rendered":"Falleci\u00f3 Enrique Planchart, rector de la Universidad Sim\u00f3n Bol\u00edvar"},"content":{"rendered":"\n<p>El rector de la Universidad Sim\u00f3n Bol\u00edvar de Caracas, Enrique Planchart, falleci\u00f3 este martes.<\/p>\n\n\n\n<p>La informaci\u00f3n fue confirmada por la casa de estudios a trav\u00e9s de su cuenta en la red social Twitter.<\/p>\n\n\n\n<p>La Universidad no precis\u00f3 las causas del deceso, pero adelant\u00f3 que se convocar\u00e1 un Consejo Directivo extraordinario.<\/p>\n\n\n\n<figure class=\"wp-block-embed is-type-rich is-provider-twitter wp-block-embed-twitter\"><div class=\"wp-block-embed__wrapper\">\n<blockquote class=\"twitter-tweet\" data-width=\"550\" data-dnt=\"true\"><p lang=\"es\" dir=\"ltr\">La Universidad Sim\u00f3n Bol\u00edvar informa que falleci\u00f3 nuestro Rector Enrique Planchart. <br><br>Se convocar\u00e1 a un Consejo Directivo extraordinario. <a href=\"https:\/\/twitter.com\/hashtag\/USBve?src=hash&amp;ref_src=twsrc%5Etfw\">#USBve<\/a><\/p>&mdash; Universidad Sim\u00f3n Bol\u00edvar (@campusb) <a href=\"https:\/\/twitter.com\/campusb\/status\/1419990535671058449?ref_src=twsrc%5Etfw\">July 27, 2021<\/a><\/blockquote><script async src=\"https:\/\/platform.twitter.com\/widgets.js\" charset=\"utf-8\"><\/script>\n<\/div><\/figure>\n\n\n\n<p>La Asociaci\u00f3n de Profesores de la USB se sum\u00f3 a las condolencias. En su cuenta en Twitter, el gremio escribi\u00f3:&nbsp;Lamentamos anunciar, con mucho pesar, fallecimiento del rector USB&nbsp;Enrique&nbsp;Planchart. La comunidad universitaria venezolana de luto. Transmitimos a familiares y amigos nuestras palabras de condolencia.<\/p>\n\n\n\n<p>Enrique\u00a0Planchart\u00a0fue electo rector de la Universidad Sim\u00f3n Bolivar para el periodo 2009-2013. Tras la suspensi\u00f3n de elecciones rectorales,\u00a0Planchart\u00a0se mantuvo en el cargo por 8 a\u00f1os con el periodo vencido defendiendo a la universidad.<\/p>\n\n\n\n<p><strong>WTC Radio<\/strong><\/p>\n","protected":false},"excerpt":{"rendered":"<p>El rector de la Universidad Sim\u00f3n Bol\u00edvar de Caracas, Enrique Planchart, falleci\u00f3 este martes. La informaci\u00f3n fue confirmada por la casa de estudios a trav\u00e9s de su cuenta en la red social Twitter. La Universidad no precis\u00f3 las causas del deceso, pero adelant\u00f3 que se convocar\u00e1 un Consejo Directivo extraordinario. La Asociaci\u00f3n de Profesores de [&hellip;]<\/p>\n","protected":false},"author":2,"featured_media":196132,"comment_status":"closed","ping_status":"closed","sticky":false,"template":"","format":"standard","meta":{"footnotes":""},"categories":[9],"tags":[],"class_list":{"0":"post-196131","1":"post","2":"type-post","3":"status-publish","4":"format-standard","5":"has-post-thumbnail","7":"category-nacionales"},"_links":{"self":[{"href":"https:\/\/elluchador.info\/index.php?rest_route=\/wp\/v2\/posts\/196131","targetHints":{"allow":["GET"]}}],"collection":[{"href":"https:\/\/elluchador.info\/index.php?rest_route=\/wp\/v2\/posts"}],"about":[{"href":"https:\/\/elluchador.info\/index.php?rest_route=\/wp\/v2\/types\/post"}],"author":[{"embeddable":true,"href":"https:\/\/elluchador.info\/index.php?rest_route=\/wp\/v2\/users\/2"}],"replies":[{"embeddable":true,"href":"https:\/\/elluchador.info\/index.php?rest_route=%2Fwp%2Fv2%2Fcomments&post=196131"}],"version-history":[{"count":1,"href":"https:\/\/elluchador.info\/index.php?rest_route=\/wp\/v2\/posts\/196131\/revisions"}],"predecessor-version":[{"id":196133,"href":"https:\/\/elluchador.info\/index.php?rest_route=\/wp\/v2\/posts\/196131\/revisions\/196133"}],"wp:featuredmedia":[{"embeddable":true,"href":"https:\/\/elluchador.info\/index.php?rest_route=\/wp\/v2\/media\/196132"}],"wp:attachment":[{"href":"https:\/\/elluchador.info\/index.php?rest_route=%2Fwp%2Fv2%2Fmedia&parent=196131"}],"wp:term":[{"taxonomy":"category","embeddable":true,"href":"https:\/\/elluchador.info\/index.php?rest_route=%2Fwp%2Fv2%2Fcategories&post=196131"},{"taxonomy":"post_tag","embeddable":true,"href":"https:\/\/elluchador.info\/index.php?rest_route=%2Fwp%2Fv2%2Ftags&post=196131"}],"curies":[{"name":"wp","href":"https:\/\/api.w.org\/{rel}","templated":true}]}}