{"id":196160,"date":"2021-07-27T21:29:16","date_gmt":"2021-07-28T01:29:16","guid":{"rendered":"https:\/\/elluchador.info\/web\/?p=196160"},"modified":"2021-07-27T21:29:17","modified_gmt":"2021-07-28T01:29:17","slug":"arzobispado-de-ciudad-bolivar-se-prepara-para-el-centenario-del-patronazgo-de-la-virgen-del-valle","status":"publish","type":"post","link":"https:\/\/elluchador.info\/?p=196160","title":{"rendered":"Arzobispado de Ciudad Bol\u00edvar se prepara para el centenario del patronazgo de la Virgen Del Valle"},"content":{"rendered":"\n<p><br>***En el marco de los 100 a\u00f1os que cumplir\u00e1 la patrona del Oriente, se organizan los preparativos para celebrar la tradicional festividad cat\u00f3lica<\/p>\n\n\n\n<p><br>En rueda de prensa ofrecida ayer, el Arzobispo de Ciudad Bol\u00edvar Monse\u00f1or Ulises Antonio Guti\u00e9rrez Reyes, emiti\u00f3 un comunicado \u00abCarta Pastoral\u00bb como portavoz de los 9 obispos que representan el catolicismo en el Oriente de Venezuela, para dar a conocer la festividad que se llevar\u00e1 a cabo con motivo del centenario del patronazgo de la Virgen Del Valle, considerada por los fieles cat\u00f3licos como patrona del Oriente del pa\u00eds.<\/p>\n\n\n\n<p>La informaci\u00f3n fue ofrecida desde las instalaciones del Palacio Arzobispal de la capital bolivarense, donde hicimos la cobertura correspondiente en compa\u00f1\u00eda de nuestro director Francisco Rosales, en atenci\u00f3n a la invitaci\u00f3n realizada al diario El Luchador.<br>La feligres\u00eda cat\u00f3lica lleva muchos a\u00f1os celebrando el D\u00eda de la Virgen Del Valle, como muestra de agradecimiento por la protecci\u00f3n que cobija a sus fieles creyentes. \u00abEl 27 de abril de 1921 el Papa Benedicto XV decret\u00f3, a petici\u00f3n de Monse\u00f1or Sixto Sosa D\u00edaz, Obispo de Guayana, a la Virgen del Valle como patrona de la Di\u00f3cesis de Guayana, que en aquel momento abarcaba desde Santa Elena de Uair\u00e9n hasta Trinidad y Tobago, incluyendo lo que hoy conocemos como los estados: Monagas, Sucre, Anzo\u00e1tegui, Delta Amacuro, Nueva Esparta y Bol\u00edvar. Se fij\u00f3 el 8 de septiembre como d\u00eda para su fiesta.\u201d expuso Monse\u00f1or Guti\u00e9rrez.<br>Continuo Monse\u00f1or diciendo que: \u201cAnunciamos la celebraci\u00f3n de estos 100 a\u00f1os, para celebrarlos en todo el Oriente venezolano. Hemos hecho esta Carta Pastoral, invitando a vivir este momento de gracia a todo el pueblo, destacando la importancia y actualidad de este acontecimiento\u00bb.<br>Es una declaraci\u00f3n conjunta, los Arzobispos y Obispos del Oriente del pa\u00eds, en su condici\u00f3n de m\u00e1ximas autoridades eclesi\u00e1sticas, indicaron que en cada estado ya hay comisiones designadas para celebrar como corresponde el D\u00eda de la Virgen del Valle, la patrona que es cari\u00f1osa y coloquialmente llamada Vallita por sus fieles devotos, en particular por los marineros y pescadores de todas las embarcaciones que navegan nuestros mares, r\u00edos y lagos, desde los humildes pe\u00f1eros hasta las naves de guerra de la Armada Bolivariana.<br>Anunci\u00f3 formalmente el Arzobispo Guti\u00e9rrez: \u00abEl 08 de septiembre se cumplir\u00e1n 100 a\u00f1os de esta proclamaci\u00f3n de nuestra Virgen del Valle, como patrona de la Di\u00f3cesis de Guayana. Nosotros como Arquidi\u00f3cesis tambi\u00e9n aqu\u00ed estaremos celebrando con nuestras actividades propias\u00bb. Dentro de esta celebraci\u00f3n, uno de los objetivos es fortalecer el desarrollo social que ha venido ejerciendo el Arzobispado en la capital del estado Bol\u00edvar con la organizaci\u00f3n Caritas Ciudad Bol\u00edvar.<br>\u00abEn estos \u00faltimos a\u00f1os se ha venido trabajando fuertemente en la actividad social, que se ha concretado en la entrega de medicamentos a los m\u00e1s necesitados, de forma gratuita, con una plataforma que se ha establecido para que las personas<\/p>\n","protected":false},"excerpt":{"rendered":"<p>***En el marco de los 100 a\u00f1os que cumplir\u00e1 la patrona del Oriente, se organizan los preparativos para celebrar la tradicional festividad cat\u00f3lica En rueda de prensa ofrecida ayer, el Arzobispo de Ciudad Bol\u00edvar Monse\u00f1or Ulises Antonio Guti\u00e9rrez Reyes, emiti\u00f3 un comunicado \u00abCarta Pastoral\u00bb como portavoz de los 9 obispos que representan el catolicismo en [&hellip;]<\/p>\n","protected":false},"author":2,"featured_media":196161,"comment_status":"closed","ping_status":"closed","sticky":false,"template":"","format":"standard","meta":{"footnotes":""},"categories":[5,12],"tags":[],"class_list":{"0":"post-196160","1":"post","2":"type-post","3":"status-publish","4":"format-standard","5":"has-post-thumbnail","7":"category-destacado","8":"category-regionales"},"_links":{"self":[{"href":"https:\/\/elluchador.info\/index.php?rest_route=\/wp\/v2\/posts\/196160","targetHints":{"allow":["GET"]}}],"collection":[{"href":"https:\/\/elluchador.info\/index.php?rest_route=\/wp\/v2\/posts"}],"about":[{"href":"https:\/\/elluchador.info\/index.php?rest_route=\/wp\/v2\/types\/post"}],"author":[{"embeddable":true,"href":"https:\/\/elluchador.info\/index.php?rest_route=\/wp\/v2\/users\/2"}],"replies":[{"embeddable":true,"href":"https:\/\/elluchador.info\/index.php?rest_route=%2Fwp%2Fv2%2Fcomments&post=196160"}],"version-history":[{"count":1,"href":"https:\/\/elluchador.info\/index.php?rest_route=\/wp\/v2\/posts\/196160\/revisions"}],"predecessor-version":[{"id":196162,"href":"https:\/\/elluchador.info\/index.php?rest_route=\/wp\/v2\/posts\/196160\/revisions\/196162"}],"wp:featuredmedia":[{"embeddable":true,"href":"https:\/\/elluchador.info\/index.php?rest_route=\/wp\/v2\/media\/196161"}],"wp:attachment":[{"href":"https:\/\/elluchador.info\/index.php?rest_route=%2Fwp%2Fv2%2Fmedia&parent=196160"}],"wp:term":[{"taxonomy":"category","embeddable":true,"href":"https:\/\/elluchador.info\/index.php?rest_route=%2Fwp%2Fv2%2Fcategories&post=196160"},{"taxonomy":"post_tag","embeddable":true,"href":"https:\/\/elluchador.info\/index.php?rest_route=%2Fwp%2Fv2%2Ftags&post=196160"}],"curies":[{"name":"wp","href":"https:\/\/api.w.org\/{rel}","templated":true}]}}