{"id":196172,"date":"2021-07-27T22:21:00","date_gmt":"2021-07-28T02:21:00","guid":{"rendered":"https:\/\/elluchador.info\/web\/?p=196172"},"modified":"2021-07-27T22:21:02","modified_gmt":"2021-07-28T02:21:02","slug":"florida-podria-caer-en-estado-de-emergencia-tras-repunte-de-covid-19","status":"publish","type":"post","link":"https:\/\/elluchador.info\/?p=196172","title":{"rendered":"Florida podr\u00eda caer en estado de emergencia tras repunte de covid-19"},"content":{"rendered":"\n<p><br>El preocupante repunte de casos de coronavirus en Florida (EEUU), que de acuerdo al \u00faltimo reporte oficial presenta una tasa de positividad del 15,1 %, llev\u00f3 a algunos funcionarios electos a pedir al gobernador estatal, Ron DeSantis, que declare el estado de emergencia.<\/p>\n\n\n\n<p>La legisladora estatal Annette Taddeo remiti\u00f3 este martes una carta a DeSantis en la que le pidi\u00f3 que declare el estado de emergencia, que ser\u00eda el segundo durante la pandemia de la covid-19, en vista de que las \u00abhospitalizaciones relacionadas con la covid-19 aumentaron un 106 % en Florida durante las \u00faltimas 2 semanas\u00bb.<\/p>\n\n\n\n<p>\u00abEn este momento, nuestro estado est\u00e1 experimentando tasas de infecci\u00f3n y hospitalizaci\u00f3n similares a las que ocurrieron en junio de 2020, cuando fuimos testigos de las tasas m\u00e1ximas de infecci\u00f3n, intubaciones y muertes\u00bb, se\u00f1al\u00f3 la legisladora estatal en su misiva.<\/p>\n\n\n\n<p>DeSantis firm\u00f3 en marzo del a\u00f1o pasado una declaratoria de emergencia a causa del avance de la covid-19, que luego extendi\u00f3 y mantuvo vigente hasta el 3 de mayo de este a\u00f1o, aunque no hay visos, por el momento, de una nueva declaraci\u00f3n, seg\u00fan han dicho portavoces de su oficina al medio local Tallahassee Democrat.<\/p>\n\n\n\n<p>Tampoco hay se\u00f1ales de una vuelta a los informes diarios sobre la incidencia del coronavirus en este estado, uno de los escasos en Estados Unidos en donde todos sus condados (67) se hallan en el nivel \u00abalto\u00bb de transmisi\u00f3n comunitaria de la enfermedad, de acuerdo a los gubernamentales Centros para el Control y la Prevenci\u00f3n de Enfermedades (CDC, en ingl\u00e9s).<\/p>\n\n\n\n<p>EFE \/ Uni\u00f3n Radio<\/p>\n","protected":false},"excerpt":{"rendered":"<p>El preocupante repunte de casos de coronavirus en Florida (EEUU), que de acuerdo al \u00faltimo reporte oficial presenta una tasa de positividad del 15,1 %, llev\u00f3 a algunos funcionarios electos a pedir al gobernador estatal, Ron DeSantis, que declare el estado de emergencia. La legisladora estatal Annette Taddeo remiti\u00f3 este martes una carta a DeSantis [&hellip;]<\/p>\n","protected":false},"author":2,"featured_media":196173,"comment_status":"closed","ping_status":"closed","sticky":false,"template":"","format":"standard","meta":{"footnotes":""},"categories":[5,8,19],"tags":[],"class_list":{"0":"post-196172","1":"post","2":"type-post","3":"status-publish","4":"format-standard","5":"has-post-thumbnail","7":"category-destacado","8":"category-internacionales","9":"category-salud"},"_links":{"self":[{"href":"https:\/\/elluchador.info\/index.php?rest_route=\/wp\/v2\/posts\/196172","targetHints":{"allow":["GET"]}}],"collection":[{"href":"https:\/\/elluchador.info\/index.php?rest_route=\/wp\/v2\/posts"}],"about":[{"href":"https:\/\/elluchador.info\/index.php?rest_route=\/wp\/v2\/types\/post"}],"author":[{"embeddable":true,"href":"https:\/\/elluchador.info\/index.php?rest_route=\/wp\/v2\/users\/2"}],"replies":[{"embeddable":true,"href":"https:\/\/elluchador.info\/index.php?rest_route=%2Fwp%2Fv2%2Fcomments&post=196172"}],"version-history":[{"count":1,"href":"https:\/\/elluchador.info\/index.php?rest_route=\/wp\/v2\/posts\/196172\/revisions"}],"predecessor-version":[{"id":196174,"href":"https:\/\/elluchador.info\/index.php?rest_route=\/wp\/v2\/posts\/196172\/revisions\/196174"}],"wp:featuredmedia":[{"embeddable":true,"href":"https:\/\/elluchador.info\/index.php?rest_route=\/wp\/v2\/media\/196173"}],"wp:attachment":[{"href":"https:\/\/elluchador.info\/index.php?rest_route=%2Fwp%2Fv2%2Fmedia&parent=196172"}],"wp:term":[{"taxonomy":"category","embeddable":true,"href":"https:\/\/elluchador.info\/index.php?rest_route=%2Fwp%2Fv2%2Fcategories&post=196172"},{"taxonomy":"post_tag","embeddable":true,"href":"https:\/\/elluchador.info\/index.php?rest_route=%2Fwp%2Fv2%2Ftags&post=196172"}],"curies":[{"name":"wp","href":"https:\/\/api.w.org\/{rel}","templated":true}]}}