{"id":196175,"date":"2021-07-27T22:24:26","date_gmt":"2021-07-28T02:24:26","guid":{"rendered":"https:\/\/elluchador.info\/web\/?p=196175"},"modified":"2021-07-27T22:24:27","modified_gmt":"2021-07-28T02:24:27","slug":"gutierrez-aseguro-que-oposicion-esta-lista-para-negociar-en-mexico","status":"publish","type":"post","link":"https:\/\/elluchador.info\/?p=196175","title":{"rendered":"Guti\u00e9rrez asegur\u00f3 que oposici\u00f3n est\u00e1 lista para negociar en M\u00e9xico"},"content":{"rendered":"\n<p>El diputado a la Asamblea Nacional, Bernab\u00e9 Guti\u00e9rrez, afirm\u00f3 que los sectores de oposici\u00f3n est\u00e1n listos para dialogar con el gobierno nacional en el mecanismo de negociaci\u00f3n establecido en M\u00e9xico.<\/p>\n\n\n\n<p>Asimismo adelant\u00f3 que van a proponer a la alianza que integran que los diputados Luis Eduardo Mart\u00ednez y Timoteo Zambrano, participen como representantes de la oposici\u00f3n democr\u00e1tica en las negociaciones que se ha previsto realizar durante los pr\u00f3ximos d\u00edas en la naci\u00f3n mexicana.<\/p>\n\n\n\n<p>El representante de la tolda blanca reiter\u00f3 que la nueva directiva del Consejo Nacional Electoral (CNE) \u00abinspira confianza\u00bb en la poblaci\u00f3n para participar en las megaelecciones del 21 de noviembre.<\/p>\n\n\n\n<p>\u201cLaidy G\u00f3mez tiene el apoyo de Acci\u00f3n Democr\u00e1tica. Le he dicho que ella tiene chance para ser reelegida porque el pueblo tachirense sabe de su trabajo y entrega. As\u00ed que esa reelecci\u00f3n es segura\u201d, dijo Guti\u00e9rrez ante las c\u00e1maras de Venezolana de Televisi\u00f3n (VTV).<\/p>\n\n\n\n<p>Uni\u00f3n Radio<\/p>\n","protected":false},"excerpt":{"rendered":"<p>El diputado a la Asamblea Nacional, Bernab\u00e9 Guti\u00e9rrez, afirm\u00f3 que los sectores de oposici\u00f3n est\u00e1n listos para dialogar con el gobierno nacional en el mecanismo de negociaci\u00f3n establecido en M\u00e9xico. Asimismo adelant\u00f3 que van a proponer a la alianza que integran que los diputados Luis Eduardo Mart\u00ednez y Timoteo Zambrano, participen como representantes de la [&hellip;]<\/p>\n","protected":false},"author":2,"featured_media":196176,"comment_status":"closed","ping_status":"closed","sticky":false,"template":"","format":"standard","meta":{"footnotes":""},"categories":[5,11],"tags":[],"class_list":{"0":"post-196175","1":"post","2":"type-post","3":"status-publish","4":"format-standard","5":"has-post-thumbnail","7":"category-destacado","8":"category-politica"},"_links":{"self":[{"href":"https:\/\/elluchador.info\/index.php?rest_route=\/wp\/v2\/posts\/196175","targetHints":{"allow":["GET"]}}],"collection":[{"href":"https:\/\/elluchador.info\/index.php?rest_route=\/wp\/v2\/posts"}],"about":[{"href":"https:\/\/elluchador.info\/index.php?rest_route=\/wp\/v2\/types\/post"}],"author":[{"embeddable":true,"href":"https:\/\/elluchador.info\/index.php?rest_route=\/wp\/v2\/users\/2"}],"replies":[{"embeddable":true,"href":"https:\/\/elluchador.info\/index.php?rest_route=%2Fwp%2Fv2%2Fcomments&post=196175"}],"version-history":[{"count":1,"href":"https:\/\/elluchador.info\/index.php?rest_route=\/wp\/v2\/posts\/196175\/revisions"}],"predecessor-version":[{"id":196177,"href":"https:\/\/elluchador.info\/index.php?rest_route=\/wp\/v2\/posts\/196175\/revisions\/196177"}],"wp:featuredmedia":[{"embeddable":true,"href":"https:\/\/elluchador.info\/index.php?rest_route=\/wp\/v2\/media\/196176"}],"wp:attachment":[{"href":"https:\/\/elluchador.info\/index.php?rest_route=%2Fwp%2Fv2%2Fmedia&parent=196175"}],"wp:term":[{"taxonomy":"category","embeddable":true,"href":"https:\/\/elluchador.info\/index.php?rest_route=%2Fwp%2Fv2%2Fcategories&post=196175"},{"taxonomy":"post_tag","embeddable":true,"href":"https:\/\/elluchador.info\/index.php?rest_route=%2Fwp%2Fv2%2Ftags&post=196175"}],"curies":[{"name":"wp","href":"https:\/\/api.w.org\/{rel}","templated":true}]}}