{"id":196187,"date":"2021-07-28T15:59:11","date_gmt":"2021-07-28T19:59:11","guid":{"rendered":"https:\/\/elluchador.info\/web\/?p=196187"},"modified":"2021-07-28T15:59:15","modified_gmt":"2021-07-28T19:59:15","slug":"kape-kape-mas-comprometida-que-nunca-con-la-defensa-de-los-derechos-de-los-pueblos-indigenas","status":"publish","type":"post","link":"https:\/\/elluchador.info\/?p=196187","title":{"rendered":"Kap\u00e9 Kap\u00e9 m\u00e1s comprometida que nunca con la defensa de los derechos de los pueblos ind\u00edgenas"},"content":{"rendered":"\n<p>La organizaci\u00f3n comenz\u00f3 la celebraci\u00f3n de sus 16 a\u00f1os con actividades deportivas, culturales y de asistencia en las comunidades ind\u00edgenas de Bol\u00edvar, Amazonas y Delta Amacuro.<\/p>\n\n\n\n<p><br>A\u00fan en tiempos de pandemia, la organizaci\u00f3n continua su trabajo en las comunidades ind\u00edgenas para visibilizar las duras realidades que viven sus habitantes.<\/p>\n\n\n\n<p><br>Desde el inicio de la pandemia se han agudizado las condiciones adversas en las comunidades ind\u00edgenas. Han empeorado los servicios b\u00e1sicos, los ni\u00f1os y ni\u00f1as han visto disminuida la calidad de su educaci\u00f3n debido a las limitaciones tecnol\u00f3gicas para llevar adelante el sistema de educaci\u00f3n a distancia.<\/p>\n\n\n\n<p><br>Asimismo, han deca\u00eddo las condiciones de los centros asistenciales por la falta de personal m\u00e9dico e insumos, poniendo a\u00fan m\u00e1s en riesgo la vida en las comunidades ind\u00edgenas, especialmente aquellas que por estar ubicadas en zonas fronterizos est\u00e1n m\u00e1s expuestas a la Covid-19.<\/p>\n\n\n\n<p><br>En medio de todas es tas dificultades, Kap\u00e9 Kap\u00e9 ha intensificado sus esfuerzos para acompa\u00f1ar a estas comunidades, e impulsar la visibilizaci\u00f3n de la vulneraci\u00f3n de sus derechos en foros nacionales e internacionales.<br><\/p>\n\n\n\n<p>\u201cLa dignificaci\u00f3n de la vida, el respeto del acervo cultural y el aporte de los pueblos ind\u00edgenas es una meta sostenida de Kap\u00e9 Kap\u00e9\u201d afirm\u00f3 su presidente, Armando Obdola, quien agrega que \u201ccada d\u00eda crecen las amenazas hacia los pueblos ind\u00edgenas, no s\u00f3lo por la pandemia, sino por la presencia de factores como la miner\u00eda y grupos armados en sus comunidades\u201d.<\/p>\n\n\n\n<p><br>\u201cEl contexto de la pandemia hace nuestro trabajo m\u00e1s dif\u00edcil, pero el respaldo y la confianza que sentimos cada vez que visitamos una comunidad, nos da el impulso necesario para sortear las adversidades\u201d, agreg\u00f3 Obdola.<\/p>\n\n\n\n<p><br>En este sentido, la organizaci\u00f3n sigue propiciando la colaboraci\u00f3n y el trabajo mancomunado con organizaciones no gubernamentales e instituciones p\u00fablicas, en el entendido de que el trabajo en pro de las comunidades ind\u00edgenas amerita la sumatoria de todas las fuerzas de la sociedad.<\/p>\n\n\n\n<p><strong>Redacci\u00f3n\/ Gabriela Simosa<\/strong><\/p>\n","protected":false},"excerpt":{"rendered":"<p>La organizaci\u00f3n comenz\u00f3 la celebraci\u00f3n de sus 16 a\u00f1os con actividades deportivas, culturales y de asistencia en las comunidades ind\u00edgenas de Bol\u00edvar, Amazonas y Delta Amacuro. A\u00fan en tiempos de pandemia, la organizaci\u00f3n continua su trabajo en las comunidades ind\u00edgenas para visibilizar las duras realidades que viven sus habitantes. Desde el inicio de la pandemia [&hellip;]<\/p>\n","protected":false},"author":2,"featured_media":196188,"comment_status":"closed","ping_status":"closed","sticky":false,"template":"","format":"standard","meta":{"footnotes":""},"categories":[5,12],"tags":[],"class_list":{"0":"post-196187","1":"post","2":"type-post","3":"status-publish","4":"format-standard","5":"has-post-thumbnail","7":"category-destacado","8":"category-regionales"},"_links":{"self":[{"href":"https:\/\/elluchador.info\/index.php?rest_route=\/wp\/v2\/posts\/196187","targetHints":{"allow":["GET"]}}],"collection":[{"href":"https:\/\/elluchador.info\/index.php?rest_route=\/wp\/v2\/posts"}],"about":[{"href":"https:\/\/elluchador.info\/index.php?rest_route=\/wp\/v2\/types\/post"}],"author":[{"embeddable":true,"href":"https:\/\/elluchador.info\/index.php?rest_route=\/wp\/v2\/users\/2"}],"replies":[{"embeddable":true,"href":"https:\/\/elluchador.info\/index.php?rest_route=%2Fwp%2Fv2%2Fcomments&post=196187"}],"version-history":[{"count":1,"href":"https:\/\/elluchador.info\/index.php?rest_route=\/wp\/v2\/posts\/196187\/revisions"}],"predecessor-version":[{"id":196189,"href":"https:\/\/elluchador.info\/index.php?rest_route=\/wp\/v2\/posts\/196187\/revisions\/196189"}],"wp:featuredmedia":[{"embeddable":true,"href":"https:\/\/elluchador.info\/index.php?rest_route=\/wp\/v2\/media\/196188"}],"wp:attachment":[{"href":"https:\/\/elluchador.info\/index.php?rest_route=%2Fwp%2Fv2%2Fmedia&parent=196187"}],"wp:term":[{"taxonomy":"category","embeddable":true,"href":"https:\/\/elluchador.info\/index.php?rest_route=%2Fwp%2Fv2%2Fcategories&post=196187"},{"taxonomy":"post_tag","embeddable":true,"href":"https:\/\/elluchador.info\/index.php?rest_route=%2Fwp%2Fv2%2Ftags&post=196187"}],"curies":[{"name":"wp","href":"https:\/\/api.w.org\/{rel}","templated":true}]}}