{"id":196208,"date":"2021-07-28T20:29:01","date_gmt":"2021-07-29T00:29:01","guid":{"rendered":"https:\/\/elluchador.info\/web\/?p=196208"},"modified":"2021-07-29T16:27:05","modified_gmt":"2021-07-29T20:27:05","slug":"el-maestro-alirio-elocuente-y-carismatico-difusor-cultural-regional","status":"publish","type":"post","link":"https:\/\/elluchador.info\/?p=196208","title":{"rendered":"El maestro Alirio: elocuente y carism\u00e1tico difusor cultural regional"},"content":{"rendered":"\n<p>Un showman en Ciudad Bol\u00edvar<br>*** Ejercer una profesi\u00f3n por vocaci\u00f3n, deja huellas marcadas en la sociedad.<br><\/p>\n\n\n\n<p>Hay en Ciudad Bol\u00edvar un personaje muy conocido: es profesor, cantante, cuatrista, guitarrista, flautista, pianista, gaitero, calipsero, animador de fiestas y ha sido director de varios grupos musicales; Educador y apasionado por la m\u00fasica, este caraque\u00f1o de nacimiento lleg\u00f3 a Ciudad Bol\u00edvar y se qued\u00f3 en esta m\u00e1gica ribera del Orinoco. Se trata del maestro Alirio Romero.<\/p>\n\n\n\n<p><br>\u201cEl maestro Alirio\u201d, como muchos le dicen, desde su edad escolar incursion\u00f3 en el canto y la m\u00fasica folkl\u00f3rica, abri\u00e9ndose al mundo art\u00edstico y conociendo la diversidad de la cultura venezolana. En 1980 se mud\u00f3 a Ciudad Bol\u00edvar. Aqu\u00ed estudi\u00f3 en el Liceo Fernando Pe\u00f1alver y conoci\u00f3 al profesor de canto Mac Adam, con el que comenz\u00f3 su preparaci\u00f3n en el canto l\u00edrico coral.<\/p>\n\n\n\n<p><strong><br>\u00bfPor qu\u00e9 la afinidad con el canto?<\/strong><\/p>\n\n\n\n<p><br>\u201cQuer\u00eda ser un cantante, componer mis propias canciones y ser m\u00fasico. Mi instrumento favorito es el cuatro, lo toco siempre y creo que es muy completo ya que con \u00e9l puedes acompa\u00f1ar a un grupo o ser int\u00e9rprete como solista\u201d.<\/p>\n\n\n\n<p><br>En el a\u00f1o 1984 se cambi\u00f3 a la Escuela T\u00e9cnica Industrial Antonio D\u00edaz y represent\u00f3 al estado Bol\u00edvar en un festival en Cuman\u00e1 como cuatrista y en 1996 se fue al estado Vargas, donde con otros m\u00fasicos fundaron el grupo folkl\u00f3rico experimental \u201cArrecife\u201d, en el que tocaban ful\u00edas y golpes de tambor. <\/p>\n\n\n\n<p>Su pasi\u00f3n por la m\u00fasica venezolana lo llev\u00f3 a interpretar varios g\u00e9neros, por lo que hoy en d\u00eda es una \u201crockola humana\u201d y domina diferentes estilos al momento de cantar, lo que atrae la atenci\u00f3n de quienes lo escuchan.<\/p>\n\n\n\n<p><br>\u201cCuando cantaba en el Hotel La Cumbre los fines de semana, entre el p\u00fablico apostaban para ver si yo cantaba o estaba doblando. Siempre perd\u00eda el que cre\u00eda que yo hac\u00eda doblaje\u201d, coment\u00f3 Alirio entre risas.<\/p>\n\n\n\n<p><br>Su profesi\u00f3n docente llev\u00f3 al maestro Alirio a La Paragua, donde hizo talleres, conciertos, form\u00f3 corales estudiantiles y un grupo llamado \u201cParagua en Gaitas\u201d, para finalmente crear con esfuerzo y trabajo la \u00fanica Casa de La Cultura de La Paragua, la cual dirigi\u00f3 durante cinco a\u00f1os.<\/p>\n\n\n\n<p><br>\u201cMe conmueve encontrarme a mis exalumnos de La Paragua porque todav\u00eda recuerdan las lecciones que les di en la escuela y los eventos culturales que organic\u00e9, donde disfrutaban las familias\u201d, agreg\u00f3 el maestro Alirio.<\/p>\n\n\n\n<p><br>Luego de graduarse como Profesor Integral en la UPEL de Ciudad Bol\u00edvar, gan\u00f3 en dos oportunidades el Festival Nacional de La Voz UPEL. Despu\u00e9s fue docente de cultura en la Escuela Mar\u00eda Zuria de Morales en Brisas del Sur y cuatro a\u00f1os despu\u00e9s, en 2003, gan\u00f3 el Festival Voz Colegio de Licenciados. Posteriormente trabaj\u00f3 como Coordinador de Difusi\u00f3n Cultural en el Distrito Escolar de la Zona Educativa desde ese a\u00f1o hasta el 2009.<\/p>\n\n\n\n<p><br>Con satisfacci\u00f3n comenta Romero que \u201cEn esa coordinaci\u00f3n realizamos parrandones navide\u00f1os con instituciones educativas de todas las parroquias y le hac\u00edamos reconocimiento a un trabajador cultural con renombre, escogido por los mismos habitantes de cada zona, para realzar el trabajo de los cultores populares\u201d.<\/p>\n\n\n\n<p><br>Romero culmin\u00f3 su carrera docente de regreso a la escuela Mar\u00eda Zuria de Morales como subdirector.<br><\/p>\n\n\n\n<p><strong>Con esa extensa trayectoria eres muy conocido \u00bfC\u00f3mo te tratan en la calle?<\/strong><\/p>\n\n\n\n<p><br>\u201cCuando la gente me escucha cantando y les agrada, me preguntan: \u00bfc\u00f3mo puedo aprender a cantar as\u00ed como lo hace usted?, y les explico que tengo a\u00f1os en esto, es disciplina, aprendizaje, estudiar m\u00fasica, practicar canto constantemente, y que todo el recorrido que he hecho me ha formado para ser lo que soy hoy\u201d.<br>Alirio ha dedicado su vida a ese mundo maravilloso desde el cual logra difundir y enaltecer la cultura popular bolivarense y venezolana a trav\u00e9s de los talleres, festivales art\u00edsticos y eventos ideados por \u00e9l y organizados con sus colegas. Asegura que mezclar su amor por la educaci\u00f3n y su pasi\u00f3n por la m\u00fasica, le gan\u00f3 reconocimiento por su larga y fruct\u00edfera trayectoria cultural en la ciudad. Su mayor satisfacci\u00f3n es ser recordado con afecto por sus numerosos colegas educadores, cultores, artistas y por la gran cantidad de estudiantes de escuela, de universidad y de m\u00fasica que pasaron y siguen pasando por sus lecciones.<br><\/p>\n\n\n\n<p><strong>\u00bfQu\u00e9 consejos le das a las personas que quieren marcar una huella en la sociedad con su labor?<\/strong><br>Es sencillo: bien ser, bien hacer, bien estar y el bien tener que es la merecida cosecha. Esa es mi filosof\u00eda de la vida.<\/p>\n\n\n\n<p><br>Ya jubilado por el Ministerio de Educaci\u00f3n, el Maestro Alirio se dedica a cantar como solista en eventos y fiestas por contrataci\u00f3n; sus redes sociales est\u00e1n activas para todo el que quiera visualizar y deleitarse con su trabajo.<\/p>\n\n\n\n<p><strong>REGALO DE CUMPLEA\u00d1OS<\/strong><\/p>\n\n\n\n<p><br>Como periodista del equipo profesional del diario El Luchador, he entrevistado a destacadas personalidades de la vida regional. Para este d\u00eda de hoy, en honor a su cumplea\u00f1os, decid\u00ed entrevistar a mi padre \u201cel maestro Alirio\u201d, que bien merecido tiene ocupar una p\u00e1gina en este prestigioso medio de comunicaci\u00f3n.<br>Desde aqu\u00ed te agradezco, mi padre querido, tu positiva y amorosa influencia en mi vida. Desde el calor de la linda familia que bien formaste, te deseamos felicidad, bienestar y que sean much\u00edsimos a\u00f1os m\u00e1s con nosotros. Te amo y estoy orgullosa de ti.<br>\u00a1Feliz Cumplea\u00f1os maestro Alirio!<\/p>\n\n\n\n<p><strong><br>(Redacci\u00f3n\/ Emili Romero)<\/strong><\/p>\n","protected":false},"excerpt":{"rendered":"<p>Un showman en Ciudad Bol\u00edvar*** Ejercer una profesi\u00f3n por vocaci\u00f3n, deja huellas marcadas en la sociedad. Hay en Ciudad Bol\u00edvar un personaje muy conocido: es profesor, cantante, cuatrista, guitarrista, flautista, pianista, gaitero, calipsero, animador de fiestas y ha sido director de varios grupos musicales; Educador y apasionado por la m\u00fasica, este caraque\u00f1o de nacimiento lleg\u00f3 [&hellip;]<\/p>\n","protected":false},"author":2,"featured_media":196213,"comment_status":"closed","ping_status":"closed","sticky":false,"template":"","format":"standard","meta":{"footnotes":""},"categories":[5,12],"tags":[],"class_list":{"0":"post-196208","1":"post","2":"type-post","3":"status-publish","4":"format-standard","5":"has-post-thumbnail","7":"category-destacado","8":"category-regionales"},"_links":{"self":[{"href":"https:\/\/elluchador.info\/index.php?rest_route=\/wp\/v2\/posts\/196208","targetHints":{"allow":["GET"]}}],"collection":[{"href":"https:\/\/elluchador.info\/index.php?rest_route=\/wp\/v2\/posts"}],"about":[{"href":"https:\/\/elluchador.info\/index.php?rest_route=\/wp\/v2\/types\/post"}],"author":[{"embeddable":true,"href":"https:\/\/elluchador.info\/index.php?rest_route=\/wp\/v2\/users\/2"}],"replies":[{"embeddable":true,"href":"https:\/\/elluchador.info\/index.php?rest_route=%2Fwp%2Fv2%2Fcomments&post=196208"}],"version-history":[{"count":3,"href":"https:\/\/elluchador.info\/index.php?rest_route=\/wp\/v2\/posts\/196208\/revisions"}],"predecessor-version":[{"id":196258,"href":"https:\/\/elluchador.info\/index.php?rest_route=\/wp\/v2\/posts\/196208\/revisions\/196258"}],"wp:featuredmedia":[{"embeddable":true,"href":"https:\/\/elluchador.info\/index.php?rest_route=\/wp\/v2\/media\/196213"}],"wp:attachment":[{"href":"https:\/\/elluchador.info\/index.php?rest_route=%2Fwp%2Fv2%2Fmedia&parent=196208"}],"wp:term":[{"taxonomy":"category","embeddable":true,"href":"https:\/\/elluchador.info\/index.php?rest_route=%2Fwp%2Fv2%2Fcategories&post=196208"},{"taxonomy":"post_tag","embeddable":true,"href":"https:\/\/elluchador.info\/index.php?rest_route=%2Fwp%2Fv2%2Ftags&post=196208"}],"curies":[{"name":"wp","href":"https:\/\/api.w.org\/{rel}","templated":true}]}}