{"id":196216,"date":"2021-07-28T20:58:55","date_gmt":"2021-07-29T00:58:55","guid":{"rendered":"https:\/\/elluchador.info\/web\/?p=196216"},"modified":"2021-07-28T20:58:56","modified_gmt":"2021-07-29T00:58:56","slug":"fapuv-reitera-que-no-hay-condiciones-para-retorno-de-clases","status":"publish","type":"post","link":"https:\/\/elluchador.info\/?p=196216","title":{"rendered":"Fapuv reitera que no hay condiciones para retorno de clases"},"content":{"rendered":"\n<p>La integrante de la Federaci\u00f3n de Asociaci\u00f3n de Profesores Universitarios (Fapuv), Keta Stephany, resalt\u00f3 que las universidades y colegios no hay las condiciones necesarias para el retorno de clases, los cuales deben contar con las medidas de bioseguridad y la vacunaci\u00f3n del personal.<\/p>\n\n\n\n<p>Enfatiz\u00f3 que las clases presenciales se pueden convertir en un foco de propagaci\u00f3n de la enfermedad, por lo cual abog\u00f3 por mantener las actividades de manera online.<\/p>\n\n\n\n<p>\u00abSe deben garantizar las clases en l\u00ednea, existe la tecnolog\u00eda necesaria para hacerlo; los docentes pueden ser formados para ello (\u2026) las instituciones educativas pueden formar para eso, pero necesitan los recursos y buenos servicios; es decir, que no se vaya la luz, que tengas internet, buena se\u00f1al y un equipo al cual se pueda acceder\u00bb, dijo.<\/p>\n\n\n\n<p>En entrevista concedida a Vanessa Davies para el programa Por donde vamos de Uni\u00f3n Radio, Stephany se\u00f1al\u00f3 que \u00abno puede ocurrir\u00bb que se le otorgue un t\u00edtulo universitario a una persona que no est\u00e9 bien formada acad\u00e9micamente.<\/p>\n\n\n\n<p>La catedr\u00e1tica sugiri\u00f3 que el gobierno nacional deber\u00eda realizar en agosto el pago de los docentes, la vacunaci\u00f3n de todo el sector y la equipaci\u00f3n de los planteles educativos.<\/p>\n","protected":false},"excerpt":{"rendered":"<p>La integrante de la Federaci\u00f3n de Asociaci\u00f3n de Profesores Universitarios (Fapuv), Keta Stephany, resalt\u00f3 que las universidades y colegios no hay las condiciones necesarias para el retorno de clases, los cuales deben contar con las medidas de bioseguridad y la vacunaci\u00f3n del personal. Enfatiz\u00f3 que las clases presenciales se pueden convertir en un foco de [&hellip;]<\/p>\n","protected":false},"author":2,"featured_media":196217,"comment_status":"closed","ping_status":"closed","sticky":false,"template":"","format":"standard","meta":{"footnotes":""},"categories":[5,9],"tags":[],"class_list":{"0":"post-196216","1":"post","2":"type-post","3":"status-publish","4":"format-standard","5":"has-post-thumbnail","7":"category-destacado","8":"category-nacionales"},"_links":{"self":[{"href":"https:\/\/elluchador.info\/index.php?rest_route=\/wp\/v2\/posts\/196216","targetHints":{"allow":["GET"]}}],"collection":[{"href":"https:\/\/elluchador.info\/index.php?rest_route=\/wp\/v2\/posts"}],"about":[{"href":"https:\/\/elluchador.info\/index.php?rest_route=\/wp\/v2\/types\/post"}],"author":[{"embeddable":true,"href":"https:\/\/elluchador.info\/index.php?rest_route=\/wp\/v2\/users\/2"}],"replies":[{"embeddable":true,"href":"https:\/\/elluchador.info\/index.php?rest_route=%2Fwp%2Fv2%2Fcomments&post=196216"}],"version-history":[{"count":1,"href":"https:\/\/elluchador.info\/index.php?rest_route=\/wp\/v2\/posts\/196216\/revisions"}],"predecessor-version":[{"id":196218,"href":"https:\/\/elluchador.info\/index.php?rest_route=\/wp\/v2\/posts\/196216\/revisions\/196218"}],"wp:featuredmedia":[{"embeddable":true,"href":"https:\/\/elluchador.info\/index.php?rest_route=\/wp\/v2\/media\/196217"}],"wp:attachment":[{"href":"https:\/\/elluchador.info\/index.php?rest_route=%2Fwp%2Fv2%2Fmedia&parent=196216"}],"wp:term":[{"taxonomy":"category","embeddable":true,"href":"https:\/\/elluchador.info\/index.php?rest_route=%2Fwp%2Fv2%2Fcategories&post=196216"},{"taxonomy":"post_tag","embeddable":true,"href":"https:\/\/elluchador.info\/index.php?rest_route=%2Fwp%2Fv2%2Ftags&post=196216"}],"curies":[{"name":"wp","href":"https:\/\/api.w.org\/{rel}","templated":true}]}}