{"id":196254,"date":"2021-07-29T16:20:04","date_gmt":"2021-07-29T20:20:04","guid":{"rendered":"https:\/\/elluchador.info\/web\/?p=196254"},"modified":"2021-07-29T16:20:06","modified_gmt":"2021-07-29T20:20:06","slug":"presidente-venezolano-pide-a-diputados-regulaciones-estrictas-para-empresas-de-redes-sociales","status":"publish","type":"post","link":"https:\/\/elluchador.info\/?p=196254","title":{"rendered":"Presidente venezolano pide a diputados \u00abregulaciones estrictas\u00bb para empresas de redes sociales"},"content":{"rendered":"\n<p>El presidente venezolano, Nicol\u00e1s Maduro, inst\u00f3 la noche de este mi\u00e9rcoles al parlamento nacional a que tome medidas legislativas y regulaciones en materia de las empresas de redes sociales, haciendo alusi\u00f3n espec\u00edficamente a la red social Twitter.<\/p>\n\n\n\n<p>Tras el cierre de cuentas en la referida red social vinculadas al oficialismo, Maduro pidi\u00f3 a los parlamentarios \u00abtomar cartas en el asunto, estudiar la legislaci\u00f3n que hay en el mundo sobre el tema de las redes sociales\u00bb.<\/p>\n\n\n\n<p>El presidente indic\u00f3 que, actualmente, la Asamblea Nacional (parlamento), de mayor\u00eda oficialista, est\u00e1 reformando la Ley de Responsabilidad Social en Radio y Televisi\u00f3n.<\/p>\n\n\n\n<p>\u00abEn la Ley de Responsabilidad Social de Radio y Televisi\u00f3n, que est\u00e1n reformando ustedes, entran perfectamente regulaciones estrictas para que esas empresas transnacionales que abusan de los pueblos tengan que cumplir con esas regulaciones\u00bb, dijo Maduro a unos diputados presentes en un programa de televisi\u00f3n nacional.<\/p>\n\n\n\n<p>Asegur\u00f3 que algunos factores \u00abvan a decir que somos una dictadura por poner regulaciones, pero no, ya en el mundo existen (regulaciones) y son m\u00e1s severas que aqu\u00ed\u00bb.<\/p>\n\n\n\n<p>Autoridades venezolanas han denunciado, en reiteradas oportunidades, a las empresas Facebook y Twitter, por presunta censura de contenidos vinculados al Gobierno nacional, as\u00ed como el bloqueo, por motivaciones pol\u00edticas, de cuentas de usuarios verificadas previamente por las mismas empresas.<\/p>\n\n\n\n<p><strong>Xinhua<\/strong><\/p>\n","protected":false},"excerpt":{"rendered":"<p>El presidente venezolano, Nicol\u00e1s Maduro, inst\u00f3 la noche de este mi\u00e9rcoles al parlamento nacional a que tome medidas legislativas y regulaciones en materia de las empresas de redes sociales, haciendo alusi\u00f3n espec\u00edficamente a la red social Twitter. Tras el cierre de cuentas en la referida red social vinculadas al oficialismo, Maduro pidi\u00f3 a los parlamentarios [&hellip;]<\/p>\n","protected":false},"author":2,"featured_media":196255,"comment_status":"closed","ping_status":"closed","sticky":false,"template":"","format":"standard","meta":{"footnotes":""},"categories":[5,9],"tags":[],"class_list":{"0":"post-196254","1":"post","2":"type-post","3":"status-publish","4":"format-standard","5":"has-post-thumbnail","7":"category-destacado","8":"category-nacionales"},"_links":{"self":[{"href":"https:\/\/elluchador.info\/index.php?rest_route=\/wp\/v2\/posts\/196254","targetHints":{"allow":["GET"]}}],"collection":[{"href":"https:\/\/elluchador.info\/index.php?rest_route=\/wp\/v2\/posts"}],"about":[{"href":"https:\/\/elluchador.info\/index.php?rest_route=\/wp\/v2\/types\/post"}],"author":[{"embeddable":true,"href":"https:\/\/elluchador.info\/index.php?rest_route=\/wp\/v2\/users\/2"}],"replies":[{"embeddable":true,"href":"https:\/\/elluchador.info\/index.php?rest_route=%2Fwp%2Fv2%2Fcomments&post=196254"}],"version-history":[{"count":1,"href":"https:\/\/elluchador.info\/index.php?rest_route=\/wp\/v2\/posts\/196254\/revisions"}],"predecessor-version":[{"id":196256,"href":"https:\/\/elluchador.info\/index.php?rest_route=\/wp\/v2\/posts\/196254\/revisions\/196256"}],"wp:featuredmedia":[{"embeddable":true,"href":"https:\/\/elluchador.info\/index.php?rest_route=\/wp\/v2\/media\/196255"}],"wp:attachment":[{"href":"https:\/\/elluchador.info\/index.php?rest_route=%2Fwp%2Fv2%2Fmedia&parent=196254"}],"wp:term":[{"taxonomy":"category","embeddable":true,"href":"https:\/\/elluchador.info\/index.php?rest_route=%2Fwp%2Fv2%2Fcategories&post=196254"},{"taxonomy":"post_tag","embeddable":true,"href":"https:\/\/elluchador.info\/index.php?rest_route=%2Fwp%2Fv2%2Ftags&post=196254"}],"curies":[{"name":"wp","href":"https:\/\/api.w.org\/{rel}","templated":true}]}}