{"id":196281,"date":"2021-07-29T21:16:38","date_gmt":"2021-07-30T01:16:38","guid":{"rendered":"https:\/\/elluchador.info\/web\/?p=196281"},"modified":"2021-07-29T21:16:39","modified_gmt":"2021-07-30T01:16:39","slug":"nevadas-ineditas-y-temperaturas-bajo-cero-en-varias-zonas-de-brasil","status":"publish","type":"post","link":"https:\/\/elluchador.info\/?p=196281","title":{"rendered":"Nevadas in\u00e9ditas y temperaturas bajo cero en varias zonas de Brasil"},"content":{"rendered":"\n<p><br>La nieve cubri\u00f3 en las \u00faltimas horas diversos municipios del estado brasile\u00f1o de R\u00edo Grande do Sul, fronterizo con Argentina y Uruguay, en medio de una ola de fr\u00edo polar que ha azotado la regi\u00f3n sur y sureste del pa\u00eds.<\/p>\n\n\n\n<p>Las previsiones m\u00ednimas son -6 \u00baC y -8 \u00baC en una amplia zona de la regi\u00f3n Sur de Brasil, mientras los expertos pronostican que las temperaturas podr\u00edan ser las m\u00e1s bajas desde 1955.<\/p>\n\n\n\n<p>La nieve ti\u00f1\u00f3 de blanco al menos una decena de ciudades de R\u00edo Grande do Sul, entre ellas la tur\u00edstica Gramado, ubicada en las monta\u00f1as de este estado del sur de Brasil acostumbrado a las bajas temperaturas en el invierno austral.<\/p>\n\n\n\n<p>La fuerte nevada que se registr\u00f3 en Gramado en la noche del mi\u00e9rcoles, inusual en los \u00faltimos tiempos, empuj\u00f3 a centenas de personas a las calles para registrar el fen\u00f3meno e inund\u00f3 las redes sociales.<\/p>\n\n\n\n<p>En diversas ciudades, como Vicaria y Sao Jos\u00e9 dos Ausentes, las temperaturas se situaron por debajo de los 0 grados en la madrugada de este jueves y se espera que la nieve contin\u00fae en algunos puntos de la regi\u00f3n, seg\u00fan los \u00faltimos pron\u00f3sticos meteorol\u00f3gicos.<\/p>\n\n\n\n<p>La masa polar tambi\u00e9n ha golpeado con fuerza otros estados del pa\u00eds, como Santa Catarina (sur) y Sao Paulo, cuyas capitales registraron este jueves la madrugada m\u00e1s fr\u00eda del a\u00f1o, lo que ha obligado a las autoridades locales a adoptar medidas para proteger a la poblaci\u00f3n Sin Techo.<\/p>\n","protected":false},"excerpt":{"rendered":"<p>La nieve cubri\u00f3 en las \u00faltimas horas diversos municipios del estado brasile\u00f1o de R\u00edo Grande do Sul, fronterizo con Argentina y Uruguay, en medio de una ola de fr\u00edo polar que ha azotado la regi\u00f3n sur y sureste del pa\u00eds. Las previsiones m\u00ednimas son -6 \u00baC y -8 \u00baC en una amplia zona de la [&hellip;]<\/p>\n","protected":false},"author":2,"featured_media":196282,"comment_status":"closed","ping_status":"closed","sticky":false,"template":"","format":"standard","meta":{"footnotes":""},"categories":[5,8],"tags":[],"class_list":{"0":"post-196281","1":"post","2":"type-post","3":"status-publish","4":"format-standard","5":"has-post-thumbnail","7":"category-destacado","8":"category-internacionales"},"_links":{"self":[{"href":"https:\/\/elluchador.info\/index.php?rest_route=\/wp\/v2\/posts\/196281","targetHints":{"allow":["GET"]}}],"collection":[{"href":"https:\/\/elluchador.info\/index.php?rest_route=\/wp\/v2\/posts"}],"about":[{"href":"https:\/\/elluchador.info\/index.php?rest_route=\/wp\/v2\/types\/post"}],"author":[{"embeddable":true,"href":"https:\/\/elluchador.info\/index.php?rest_route=\/wp\/v2\/users\/2"}],"replies":[{"embeddable":true,"href":"https:\/\/elluchador.info\/index.php?rest_route=%2Fwp%2Fv2%2Fcomments&post=196281"}],"version-history":[{"count":1,"href":"https:\/\/elluchador.info\/index.php?rest_route=\/wp\/v2\/posts\/196281\/revisions"}],"predecessor-version":[{"id":196283,"href":"https:\/\/elluchador.info\/index.php?rest_route=\/wp\/v2\/posts\/196281\/revisions\/196283"}],"wp:featuredmedia":[{"embeddable":true,"href":"https:\/\/elluchador.info\/index.php?rest_route=\/wp\/v2\/media\/196282"}],"wp:attachment":[{"href":"https:\/\/elluchador.info\/index.php?rest_route=%2Fwp%2Fv2%2Fmedia&parent=196281"}],"wp:term":[{"taxonomy":"category","embeddable":true,"href":"https:\/\/elluchador.info\/index.php?rest_route=%2Fwp%2Fv2%2Fcategories&post=196281"},{"taxonomy":"post_tag","embeddable":true,"href":"https:\/\/elluchador.info\/index.php?rest_route=%2Fwp%2Fv2%2Ftags&post=196281"}],"curies":[{"name":"wp","href":"https:\/\/api.w.org\/{rel}","templated":true}]}}