{"id":196303,"date":"2021-07-30T15:45:33","date_gmt":"2021-07-30T19:45:33","guid":{"rendered":"https:\/\/elluchador.info\/web\/?p=196303"},"modified":"2021-07-30T15:45:35","modified_gmt":"2021-07-30T19:45:35","slug":"localizan-a-22-venezolanos-extraviados-en-el-desierto-de-tacna-en-peru","status":"publish","type":"post","link":"https:\/\/elluchador.info\/?p=196303","title":{"rendered":"Localizan a 22 venezolanos extraviados en el desierto de Tacna, en Per\u00fa"},"content":{"rendered":"\n<p>Un grupo de 22 migrantes venezolanos que estaban extraviados en el desierto de Tacna, en Per\u00fa, fueron localizados este mismo jueves, seg\u00fan inform\u00f3 el periodista Sergio Novelli.<\/p>\n\n\n\n<p>\u201cMe confirman que fueron encontrados los 22 venezolanos extraviados en el desierto de Tacna, Per\u00fa. Ser\u00e1n trasladados a centros sanitarios para conocer sus condiciones de salud y luego llevados a un albergue\u201d, poste\u00f3 Novelli en su cuenta Twitter, junto a un video adjunto de los venezolanos.<\/p>\n\n\n\n<p>Novelli agreg\u00f3 que \u201chabr\u00edan sido encontrados en dos grupos\u201d.<\/p>\n\n\n\n<p>M\u00e1s temprano, el comunicador dio a conocer la noticia. \u201cUn grupo de 22 venezolanos entre adultos y ni\u00f1os, se encuentra extraviado en el desierto de Tacna, en Per\u00fa, en la zona fronteriza con Chile. En alg\u00fan momento obtuvieron se\u00f1al y se comunicaron con sus familiares, quienes grabaron estos audios y me los enviaron\u201d.<\/p>\n\n\n\n<p>M\u00e1s temprano,&nbsp;la Organizaci\u00f3n de Estados Americanos (OEA) advirti\u00f3 que la migraci\u00f3n venezolana puede llegar a las 7 millones de personas&nbsp;a finales de 2021 o inicios de 2022, superando el \u00e9xodo de Siria, considerado el mayor del mundo, con 6,7 millones refugiados que han abandonado ese pa\u00eds.<\/p>\n\n\n\n<p><strong>Noticiero Digital<\/strong><\/p>\n","protected":false},"excerpt":{"rendered":"<p>Un grupo de 22 migrantes venezolanos que estaban extraviados en el desierto de Tacna, en Per\u00fa, fueron localizados este mismo jueves, seg\u00fan inform\u00f3 el periodista Sergio Novelli. \u201cMe confirman que fueron encontrados los 22 venezolanos extraviados en el desierto de Tacna, Per\u00fa. Ser\u00e1n trasladados a centros sanitarios para conocer sus condiciones de salud y luego [&hellip;]<\/p>\n","protected":false},"author":2,"featured_media":196304,"comment_status":"closed","ping_status":"closed","sticky":false,"template":"","format":"standard","meta":{"footnotes":""},"categories":[5,8,13],"tags":[],"class_list":{"0":"post-196303","1":"post","2":"type-post","3":"status-publish","4":"format-standard","5":"has-post-thumbnail","7":"category-destacado","8":"category-internacionales","9":"category-sucesos"},"_links":{"self":[{"href":"https:\/\/elluchador.info\/index.php?rest_route=\/wp\/v2\/posts\/196303","targetHints":{"allow":["GET"]}}],"collection":[{"href":"https:\/\/elluchador.info\/index.php?rest_route=\/wp\/v2\/posts"}],"about":[{"href":"https:\/\/elluchador.info\/index.php?rest_route=\/wp\/v2\/types\/post"}],"author":[{"embeddable":true,"href":"https:\/\/elluchador.info\/index.php?rest_route=\/wp\/v2\/users\/2"}],"replies":[{"embeddable":true,"href":"https:\/\/elluchador.info\/index.php?rest_route=%2Fwp%2Fv2%2Fcomments&post=196303"}],"version-history":[{"count":1,"href":"https:\/\/elluchador.info\/index.php?rest_route=\/wp\/v2\/posts\/196303\/revisions"}],"predecessor-version":[{"id":196305,"href":"https:\/\/elluchador.info\/index.php?rest_route=\/wp\/v2\/posts\/196303\/revisions\/196305"}],"wp:featuredmedia":[{"embeddable":true,"href":"https:\/\/elluchador.info\/index.php?rest_route=\/wp\/v2\/media\/196304"}],"wp:attachment":[{"href":"https:\/\/elluchador.info\/index.php?rest_route=%2Fwp%2Fv2%2Fmedia&parent=196303"}],"wp:term":[{"taxonomy":"category","embeddable":true,"href":"https:\/\/elluchador.info\/index.php?rest_route=%2Fwp%2Fv2%2Fcategories&post=196303"},{"taxonomy":"post_tag","embeddable":true,"href":"https:\/\/elluchador.info\/index.php?rest_route=%2Fwp%2Fv2%2Ftags&post=196303"}],"curies":[{"name":"wp","href":"https:\/\/api.w.org\/{rel}","templated":true}]}}