{"id":196318,"date":"2021-07-30T16:45:42","date_gmt":"2021-07-30T20:45:42","guid":{"rendered":"https:\/\/elluchador.info\/web\/?p=196318"},"modified":"2021-07-30T16:45:44","modified_gmt":"2021-07-30T20:45:44","slug":"se-confirma-el-primer-caso-de-hongo-negro-en-bolivia","status":"publish","type":"post","link":"https:\/\/elluchador.info\/?p=196318","title":{"rendered":"Se confirma el primer caso de hongo negro en Bolivia"},"content":{"rendered":"\n<p>El Colegio M\u00e9dico de la regi\u00f3n central de Cochabamba, Bolivia, confirm\u00f3 este jueves el primer caso de hongo negro en Bolivia en una persona&nbsp;<a href=\"https:\/\/www.metroecuador.com.ec\/ec\/noticias\/2021\/06\/08\/fallecio-paciente-que-presento-primer-caso-de-hongo-negro-en-mexico.html\" rel=\"noreferrer noopener\" target=\"_blank\">que padeci\u00f3 COVID-19&nbsp;<\/a>y que luego present\u00f3 problemas dentales.<\/p>\n\n\n\n<p>Se trata de un hombre que lleg\u00f3 de la ciudad de Oruro hasta Cochabamba, luego de recuperarse de la covid-19 que sufri\u00f3 en abril.<\/p>\n\n\n\n<p>Los m\u00e9dicos explicaron que el hombre estuvo ingresado en terapia intensiva, fue intubado aproximadamente 10 d\u00edas y logr\u00f3 recuperarse de la covid-19.<\/p>\n\n\n\n<p>Cuando el paciente fue dado de alta, comenz\u00f3 a presentar<strong>&nbsp;\u201cproblemas en las piezas dentales\u201d<\/strong>&nbsp;que fueron extra\u00eddas, pero la herida que ten\u00eda en la boca se fue haciendo \u201cm\u00e1s amplia\u201d, explicaron los m\u00e9dicos.<\/p>\n\n\n\n<p>Al principio le diagnosticaron un posible c\u00e1ncer oral y el pasado 15 de julio lleg\u00f3 hasta Cochabamba para realizarse algunos an\u00e1lisis como una tomograf\u00eda. Al d\u00eda siguiente, los doctores le tomaron muestras para enviarlas al laboratorio.<\/p>\n\n\n\n<p>El pasado 22 de julio, los m\u00e9dicos recibieron los resultados del laboratorio que confirmaron que se trata de un caso de hongo negro, por lo que se conform\u00f3 un equipo m\u00e9dico para internar al hombre e ingresarlo a una \u201climpieza quir\u00fargica\u201d, en la que le sacaron otros dientes, explicaron los doctores.<img decoding=\"async\" alt=\"\" src=\"https:\/\/img-s-msn-com.akamaized.net\/tenant\/amp\/entityid\/AAMIXZY.img?h=540&amp;w=799&amp;m=6&amp;q=60&amp;o=f&amp;l=f\">\u00a9 Proporcionado por Metro<\/p>\n\n\n\n<p>El hombre actualmente se encuentra recibiendo \u201ctratamiento antimic\u00f3tico\u201d y est\u00e1 estable, por lo que hoy ingresar\u00e1 nuevamente a quir\u00f3fano para otra limpieza.<\/p>\n\n\n\n<p>Los doctores pidieron a la poblaci\u00f3n que \u201cno se alarme\u201d, ya que se trata de un hongo \u201cque siempre estuvo en nuestro medio\u201d, pero que afecta con m\u00e1s facilidad y \u201cagresividad\u201d a las personas que tienen el sistema inmune d\u00e9bil y que es \u201cmuy com\u00fan\u201d este estado en los pacientes recuperados de covid-19 que ingresaron a terapia intensiva.<\/p>\n\n\n\n<p>Los m\u00e9dicos pidieron a la poblaci\u00f3n que se vacune para evitar contraer la covid-19 o sus complicaciones y as\u00ed no sucedan este tipo de situaciones.<\/p>\n\n\n\n<p>Bolivia est\u00e1 en la desescalada de la tercera ola de contagios que comenz\u00f3 en mayo y acumula 470.929 casos de covid-19 y 17.754 fallecidos, desde la detecci\u00f3n de los primeros casos en marzo del a\u00f1o pasado.<\/p>\n\n\n\n<p>En tanto, la vacunaci\u00f3n avanza a pesar de la escasez de segundas dosis de la rusa Sputnik V, con la que ya se inmuniz\u00f3 a 2.851.331 con la primera dosis, mientras que 1.502.696 ya cuentan con la segunda.<\/p>\n\n\n\n<p>El esquema de vacunaci\u00f3n en Bolivia se aplica desde finales de enero con dosis del tipo Sinopharm, Sputnik V, AstraZeneca, Pfizer y Janssen, mediante adquisiciones bilaterales y donaciones recibidas gracias al mecanismo Covax de las Naciones Unidas.<\/p>\n\n\n\n<p><strong>Metro<\/strong><\/p>\n","protected":false},"excerpt":{"rendered":"<p>El Colegio M\u00e9dico de la regi\u00f3n central de Cochabamba, Bolivia, confirm\u00f3 este jueves el primer caso de hongo negro en Bolivia en una persona&nbsp;que padeci\u00f3 COVID-19&nbsp;y que luego present\u00f3 problemas dentales. Se trata de un hombre que lleg\u00f3 de la ciudad de Oruro hasta Cochabamba, luego de recuperarse de la covid-19 que sufri\u00f3 en abril. [&hellip;]<\/p>\n","protected":false},"author":2,"featured_media":196319,"comment_status":"closed","ping_status":"closed","sticky":false,"template":"","format":"standard","meta":{"footnotes":""},"categories":[8],"tags":[],"class_list":{"0":"post-196318","1":"post","2":"type-post","3":"status-publish","4":"format-standard","5":"has-post-thumbnail","7":"category-internacionales"},"_links":{"self":[{"href":"https:\/\/elluchador.info\/index.php?rest_route=\/wp\/v2\/posts\/196318","targetHints":{"allow":["GET"]}}],"collection":[{"href":"https:\/\/elluchador.info\/index.php?rest_route=\/wp\/v2\/posts"}],"about":[{"href":"https:\/\/elluchador.info\/index.php?rest_route=\/wp\/v2\/types\/post"}],"author":[{"embeddable":true,"href":"https:\/\/elluchador.info\/index.php?rest_route=\/wp\/v2\/users\/2"}],"replies":[{"embeddable":true,"href":"https:\/\/elluchador.info\/index.php?rest_route=%2Fwp%2Fv2%2Fcomments&post=196318"}],"version-history":[{"count":2,"href":"https:\/\/elluchador.info\/index.php?rest_route=\/wp\/v2\/posts\/196318\/revisions"}],"predecessor-version":[{"id":196321,"href":"https:\/\/elluchador.info\/index.php?rest_route=\/wp\/v2\/posts\/196318\/revisions\/196321"}],"wp:featuredmedia":[{"embeddable":true,"href":"https:\/\/elluchador.info\/index.php?rest_route=\/wp\/v2\/media\/196319"}],"wp:attachment":[{"href":"https:\/\/elluchador.info\/index.php?rest_route=%2Fwp%2Fv2%2Fmedia&parent=196318"}],"wp:term":[{"taxonomy":"category","embeddable":true,"href":"https:\/\/elluchador.info\/index.php?rest_route=%2Fwp%2Fv2%2Fcategories&post=196318"},{"taxonomy":"post_tag","embeddable":true,"href":"https:\/\/elluchador.info\/index.php?rest_route=%2Fwp%2Fv2%2Ftags&post=196318"}],"curies":[{"name":"wp","href":"https:\/\/api.w.org\/{rel}","templated":true}]}}