{"id":196322,"date":"2021-07-30T16:50:01","date_gmt":"2021-07-30T20:50:01","guid":{"rendered":"https:\/\/elluchador.info\/web\/?p=196322"},"modified":"2021-07-30T16:50:03","modified_gmt":"2021-07-30T20:50:03","slug":"ciudad-de-mexico-mantiene-riesgo-alto-por-covid-con-aumento-de-hospitalizados","status":"publish","type":"post","link":"https:\/\/elluchador.info\/?p=196322","title":{"rendered":"Ciudad de M\u00e9xico mantiene riesgo alto por covid con aumento de hospitalizados"},"content":{"rendered":"\n<p>El Gobierno de Ciudad de M\u00e9xico inform\u00f3 este viernes que mantendr\u00e1 el nivel de alerta alto, o color naranja en el sem\u00e1foro epid\u00e9mico, por el riesgo de covid-19 ante un aumento de hospitalizaciones, con 432 pacientes m\u00e1s que hace una semana.<\/p>\n\n\n\n<p>Aun as\u00ed, la jefa de Gobierno, Claudia Sheinbaum, detall\u00f3 que no habr\u00e1 cambios en las restricciones de las actividades econ\u00f3micas, que permiten eventos deportivos, espect\u00e1culos, restaurantes y otros negocios.<\/p>\n\n\n\n<p>\u00abNo, nada (de ajustes)\u00bb, respondi\u00f3 Sheinbaum a los cuestionamientos en su rueda de prensa diaria.<\/p>\n\n\n\n<p>El Gobierno federal ha reconocido una tercera ola de contagios en M\u00e9xico, que acumula casi 240.000 muertes y 2,8 millones de casos confirmados.<\/p>\n\n\n\n<p>La capital concentra casi una tercera parte de los 115.000 casos activos a nivel nacional, con cerca de 34.800, de acuerdo con la Secretar\u00eda de Salud.<\/p>\n\n\n\n<p>Adem\u00e1s, Ciudad de M\u00e9xico tiene un 75 % de ocupaci\u00f3n hospitalaria general y 77 % en camas de unidades de cuidados intensivos (UCI), de acuerdo con el Sistema de Informaci\u00f3n de la Red de Infecci\u00f3n Respiratoria Aguda Grave (IRAG).<\/p>\n\n\n\n<p>Pero el Gobierno capitalino insisti\u00f3 en que el crecimiento de las hospitalizaciones disminuye.<\/p>\n\n\n\n<p><img decoding=\"async\" alt=\"\" src=\"https:\/\/img-s-msn-com.akamaized.net\/tenant\/amp\/entityid\/AAMLaRf.img?h=533&amp;w=799&amp;m=6&amp;q=60&amp;o=f&amp;l=f\">\u00a9Proporcionado por Agencia EFE<\/p>\n\n\n\n<p>\u201cEstamos viendo por lo menos una reducci\u00f3n de la velocidad del crecimiento y tenemos una capacidad instalada en este momento al d\u00eda de hoy, disponible totalmente, de 6.592 camas que pueden todav\u00eda crecer bastante (en el Valle de M\u00e9xico)\u201d, coment\u00f3 Eduardo Clark, director general de Gobierno Digital.<\/p>\n\n\n\n<p>Antes, el presidente Andr\u00e9s Manuel L\u00f3pez Obrador afirm\u00f3 que \u00abM\u00e9xico no est\u00e1 entre los pa\u00edses con m\u00e1s gravedad por la pandemia\u00bb.<\/p>\n\n\n\n<p>El mandatario mostr\u00f3 en su conferencia matutina una gr\u00e1fica del Gobierno que se\u00f1ala que la mortalidad en la tercera ola es un 77 % menor que la primera de julio de 2020 y un 87 % menor que la segunda de enero pasado.<\/p>\n\n\n\n<p>\u00abEn Am\u00e9rica, en fallecimientos, M\u00e9xico est\u00e1 en el sexto lugar, as\u00ed en general, sexto lugar en fallecimientos por habitantes, y en vacunaci\u00f3n estamos en segundo lugar en Am\u00e9rica\u00bb, manifest\u00f3 L\u00f3pez Obrador sin citar la fuente de sus datos.<\/p>\n\n\n\n<p>Tambi\u00e9n record\u00f3 la promesa de vacunar con al menos una dosis a toda la poblaci\u00f3n mayor de 18 a\u00f1os para octubre, aunque solo 25 millones de personas tienen el esquema completo de vacunaci\u00f3n en M\u00e9xico, que tiene 126 millones de habitantes.<\/p>\n\n\n\n<p>La jefa de Gobierno reiter\u00f3 que la estrategia de la capital para contener la pandemia es la vacunaci\u00f3n y por eso ha disminuido la positividad.<\/p>\n\n\n\n<p>\u201cEst\u00e1 asociado a la vacunaci\u00f3n, desde nuestro punto de vista. Llegamos ya a 8,2 millones de dosis aplicadas, por eso decimos que el objetivo es vacunar lo m\u00e1s pronto posible\u201d, indic\u00f3.<\/p>\n\n\n\n<p><strong>EFE<\/strong><\/p>\n","protected":false},"excerpt":{"rendered":"<p>El Gobierno de Ciudad de M\u00e9xico inform\u00f3 este viernes que mantendr\u00e1 el nivel de alerta alto, o color naranja en el sem\u00e1foro epid\u00e9mico, por el riesgo de covid-19 ante un aumento de hospitalizaciones, con 432 pacientes m\u00e1s que hace una semana. Aun as\u00ed, la jefa de Gobierno, Claudia Sheinbaum, detall\u00f3 que no habr\u00e1 cambios en [&hellip;]<\/p>\n","protected":false},"author":2,"featured_media":196323,"comment_status":"closed","ping_status":"closed","sticky":false,"template":"","format":"standard","meta":{"footnotes":""},"categories":[8],"tags":[],"class_list":{"0":"post-196322","1":"post","2":"type-post","3":"status-publish","4":"format-standard","5":"has-post-thumbnail","7":"category-internacionales"},"_links":{"self":[{"href":"https:\/\/elluchador.info\/index.php?rest_route=\/wp\/v2\/posts\/196322","targetHints":{"allow":["GET"]}}],"collection":[{"href":"https:\/\/elluchador.info\/index.php?rest_route=\/wp\/v2\/posts"}],"about":[{"href":"https:\/\/elluchador.info\/index.php?rest_route=\/wp\/v2\/types\/post"}],"author":[{"embeddable":true,"href":"https:\/\/elluchador.info\/index.php?rest_route=\/wp\/v2\/users\/2"}],"replies":[{"embeddable":true,"href":"https:\/\/elluchador.info\/index.php?rest_route=%2Fwp%2Fv2%2Fcomments&post=196322"}],"version-history":[{"count":1,"href":"https:\/\/elluchador.info\/index.php?rest_route=\/wp\/v2\/posts\/196322\/revisions"}],"predecessor-version":[{"id":196324,"href":"https:\/\/elluchador.info\/index.php?rest_route=\/wp\/v2\/posts\/196322\/revisions\/196324"}],"wp:featuredmedia":[{"embeddable":true,"href":"https:\/\/elluchador.info\/index.php?rest_route=\/wp\/v2\/media\/196323"}],"wp:attachment":[{"href":"https:\/\/elluchador.info\/index.php?rest_route=%2Fwp%2Fv2%2Fmedia&parent=196322"}],"wp:term":[{"taxonomy":"category","embeddable":true,"href":"https:\/\/elluchador.info\/index.php?rest_route=%2Fwp%2Fv2%2Fcategories&post=196322"},{"taxonomy":"post_tag","embeddable":true,"href":"https:\/\/elluchador.info\/index.php?rest_route=%2Fwp%2Fv2%2Ftags&post=196322"}],"curies":[{"name":"wp","href":"https:\/\/api.w.org\/{rel}","templated":true}]}}