{"id":196328,"date":"2021-07-31T14:35:00","date_gmt":"2021-07-31T18:35:00","guid":{"rendered":"https:\/\/elluchador.info\/web\/?p=196328"},"modified":"2021-07-31T14:19:01","modified_gmt":"2021-07-31T18:19:01","slug":"fallecio-josemith-bermudez","status":"publish","type":"post","link":"https:\/\/elluchador.info\/?p=196328","title":{"rendered":"Falleci\u00f3 Josemith Berm\u00fadez"},"content":{"rendered":"\n<p>La presentadora Josemith Berm\u00fadez falleci\u00f3 este s\u00e1bado, as\u00ed lo inform\u00f3 su amigo \u00edntimo, Luis Olavarrieta a trav\u00e9s de sus redes sociales.<\/p>\n\n\n\n<p>\u201cA los medios de comunicaci\u00f3n y a su querido p\u00fablico. Cumplo con el deber de informar a la opini\u00f3n p\u00fablica el fallecimiento de nuestra querida Josemith Berm\u00fadez. Su partida se dio en la madrugada de hoy, 31 de julio, en compa\u00f1\u00eda e su hijo, sus hermanos y c\u00edrculo m\u00e1s cercano\u201d, indic\u00f3 a trav\u00e9s de su cuenta en Twitter.<\/p>\n\n\n\n<p>A continuaci\u00f3n el comunicado:<\/p>\n\n\n\n<figure class=\"wp-block-image size-large\"><img loading=\"lazy\" decoding=\"async\" width=\"683\" height=\"683\" src=\"https:\/\/elluchador.info\/web\/wp-content\/uploads\/2021\/07\/0.jpg\" alt=\"\" class=\"wp-image-196329\" srcset=\"https:\/\/elluchador.info\/wp-content\/uploads\/2021\/07\/0.jpg 683w, https:\/\/elluchador.info\/wp-content\/uploads\/2021\/07\/0-300x300.jpg 300w, https:\/\/elluchador.info\/wp-content\/uploads\/2021\/07\/0-150x150.jpg 150w, https:\/\/elluchador.info\/wp-content\/uploads\/2021\/07\/0-420x420.jpg 420w, https:\/\/elluchador.info\/wp-content\/uploads\/2021\/07\/0-640x640.jpg 640w, https:\/\/elluchador.info\/wp-content\/uploads\/2021\/07\/0-681x681.jpg 681w\" sizes=\"auto, (max-width: 683px) 100vw, 683px\" \/><\/figure>\n\n\n\n<p>Redacci\u00f3n<\/p>\n","protected":false},"excerpt":{"rendered":"<p>La presentadora Josemith Berm\u00fadez falleci\u00f3 este s\u00e1bado, as\u00ed lo inform\u00f3 su amigo \u00edntimo, Luis Olavarrieta a trav\u00e9s de sus redes sociales. \u201cA los medios de comunicaci\u00f3n y a su querido p\u00fablico. Cumplo con el deber de informar a la opini\u00f3n p\u00fablica el fallecimiento de nuestra querida Josemith Berm\u00fadez. Su partida se dio en la madrugada [&hellip;]<\/p>\n","protected":false},"author":2,"featured_media":196330,"comment_status":"closed","ping_status":"closed","sticky":false,"template":"","format":"standard","meta":{"footnotes":""},"categories":[7],"tags":[],"class_list":{"0":"post-196328","1":"post","2":"type-post","3":"status-publish","4":"format-standard","5":"has-post-thumbnail","7":"category-entretenimiento"},"_links":{"self":[{"href":"https:\/\/elluchador.info\/index.php?rest_route=\/wp\/v2\/posts\/196328","targetHints":{"allow":["GET"]}}],"collection":[{"href":"https:\/\/elluchador.info\/index.php?rest_route=\/wp\/v2\/posts"}],"about":[{"href":"https:\/\/elluchador.info\/index.php?rest_route=\/wp\/v2\/types\/post"}],"author":[{"embeddable":true,"href":"https:\/\/elluchador.info\/index.php?rest_route=\/wp\/v2\/users\/2"}],"replies":[{"embeddable":true,"href":"https:\/\/elluchador.info\/index.php?rest_route=%2Fwp%2Fv2%2Fcomments&post=196328"}],"version-history":[{"count":1,"href":"https:\/\/elluchador.info\/index.php?rest_route=\/wp\/v2\/posts\/196328\/revisions"}],"predecessor-version":[{"id":196331,"href":"https:\/\/elluchador.info\/index.php?rest_route=\/wp\/v2\/posts\/196328\/revisions\/196331"}],"wp:featuredmedia":[{"embeddable":true,"href":"https:\/\/elluchador.info\/index.php?rest_route=\/wp\/v2\/media\/196330"}],"wp:attachment":[{"href":"https:\/\/elluchador.info\/index.php?rest_route=%2Fwp%2Fv2%2Fmedia&parent=196328"}],"wp:term":[{"taxonomy":"category","embeddable":true,"href":"https:\/\/elluchador.info\/index.php?rest_route=%2Fwp%2Fv2%2Fcategories&post=196328"},{"taxonomy":"post_tag","embeddable":true,"href":"https:\/\/elluchador.info\/index.php?rest_route=%2Fwp%2Fv2%2Ftags&post=196328"}],"curies":[{"name":"wp","href":"https:\/\/api.w.org\/{rel}","templated":true}]}}