{"id":196384,"date":"2021-07-31T21:50:33","date_gmt":"2021-08-01T01:50:33","guid":{"rendered":"https:\/\/elluchador.info\/web\/?p=196384"},"modified":"2021-07-31T21:50:35","modified_gmt":"2021-08-01T01:50:35","slug":"gobierno-expresa-su-solidaridad-a-turquia-por-los-incendios","status":"publish","type":"post","link":"https:\/\/elluchador.info\/?p=196384","title":{"rendered":"Gobierno expresa su solidaridad a Turqu\u00eda por los incendios"},"content":{"rendered":"\n<p><br>El canciller de Venezuela, Jorge Arreaza, expres\u00f3 este s\u00e1bado su solidaridad a Turqu\u00eda ante el alto n\u00famero de \u00abvoraces\u00bb incendios que arrasan la costa meridional y occidental del pa\u00eds euroasi\u00e1tico y que han dejado, al menos, seis personas fallecidas, seg\u00fan autoridades turcas.<\/p>\n\n\n\n<p>\u00abDesde Venezuela expresamos nuestra total solidaridad con el pueblo y Gobierno de Turqu\u00eda ante los voraces incendios que han azotado el sur de ese pa\u00eds, cobrando vidas y dejando numerosos heridos. Hacemos votos por la pronta superaci\u00f3n de esta lamentable situaci\u00f3n\u00bb, escribi\u00f3 Arreaza en su cuenta de Twitter.<\/p>\n\n\n\n<p>El presidente de Turqu\u00eda, Recep Tayyip Erdogan, insinu\u00f3 este s\u00e1bado, en un discurso televisado, que el alto n\u00famero de incendios que arrasan la costa son actos de \u00abterrorismo\u00bb.<\/p>\n\n\n\n<p>\u00abDesde que el a\u00f1o pasado, los dirigentes de la organizaci\u00f3n terrorista dieran instrucciones de quemar los bosques, los incendios en Turqu\u00eda se han duplicado\u00bb, dijo el mandatario en una alocuci\u00f3n, transmitida en directo en la cadena NTV, en la ciudad tur\u00edstica de Marmaris, en la costa del mar Egeo.<\/p>\n\n\n\n<p>EFE<\/p>\n","protected":false},"excerpt":{"rendered":"<p>El canciller de Venezuela, Jorge Arreaza, expres\u00f3 este s\u00e1bado su solidaridad a Turqu\u00eda ante el alto n\u00famero de \u00abvoraces\u00bb incendios que arrasan la costa meridional y occidental del pa\u00eds euroasi\u00e1tico y que han dejado, al menos, seis personas fallecidas, seg\u00fan autoridades turcas. \u00abDesde Venezuela expresamos nuestra total solidaridad con el pueblo y Gobierno de Turqu\u00eda [&hellip;]<\/p>\n","protected":false},"author":2,"featured_media":196385,"comment_status":"closed","ping_status":"closed","sticky":false,"template":"","format":"standard","meta":{"footnotes":""},"categories":[5,9],"tags":[],"class_list":{"0":"post-196384","1":"post","2":"type-post","3":"status-publish","4":"format-standard","5":"has-post-thumbnail","7":"category-destacado","8":"category-nacionales"},"_links":{"self":[{"href":"https:\/\/elluchador.info\/index.php?rest_route=\/wp\/v2\/posts\/196384","targetHints":{"allow":["GET"]}}],"collection":[{"href":"https:\/\/elluchador.info\/index.php?rest_route=\/wp\/v2\/posts"}],"about":[{"href":"https:\/\/elluchador.info\/index.php?rest_route=\/wp\/v2\/types\/post"}],"author":[{"embeddable":true,"href":"https:\/\/elluchador.info\/index.php?rest_route=\/wp\/v2\/users\/2"}],"replies":[{"embeddable":true,"href":"https:\/\/elluchador.info\/index.php?rest_route=%2Fwp%2Fv2%2Fcomments&post=196384"}],"version-history":[{"count":1,"href":"https:\/\/elluchador.info\/index.php?rest_route=\/wp\/v2\/posts\/196384\/revisions"}],"predecessor-version":[{"id":196386,"href":"https:\/\/elluchador.info\/index.php?rest_route=\/wp\/v2\/posts\/196384\/revisions\/196386"}],"wp:featuredmedia":[{"embeddable":true,"href":"https:\/\/elluchador.info\/index.php?rest_route=\/wp\/v2\/media\/196385"}],"wp:attachment":[{"href":"https:\/\/elluchador.info\/index.php?rest_route=%2Fwp%2Fv2%2Fmedia&parent=196384"}],"wp:term":[{"taxonomy":"category","embeddable":true,"href":"https:\/\/elluchador.info\/index.php?rest_route=%2Fwp%2Fv2%2Fcategories&post=196384"},{"taxonomy":"post_tag","embeddable":true,"href":"https:\/\/elluchador.info\/index.php?rest_route=%2Fwp%2Fv2%2Ftags&post=196384"}],"curies":[{"name":"wp","href":"https:\/\/api.w.org\/{rel}","templated":true}]}}