{"id":196410,"date":"2021-08-01T18:18:19","date_gmt":"2021-08-01T22:18:19","guid":{"rendered":"https:\/\/elluchador.info\/web\/?p=196410"},"modified":"2021-08-01T18:18:31","modified_gmt":"2021-08-01T22:18:31","slug":"el-aissami-a-pesar-del-bloqueo-venezuela-va-hacia-un-crecimiento-gradual","status":"publish","type":"post","link":"https:\/\/elluchador.info\/?p=196410","title":{"rendered":"El Aissami: A pesar del bloqueo, Venezuela va hacia un crecimiento gradual"},"content":{"rendered":"\n<p>El vicepresidente de Econom\u00eda de Venezuela, Tareck El Aissami, asegur\u00f3 este viernes que su pa\u00eds se encuentra en camino a \u00abun crecimiento gradual\u00bb, pese a que la \u00faltima previsi\u00f3n de la Cepal pronostic\u00f3 que caer\u00e1 un 4 % este a\u00f1o.<\/p>\n\n\n\n<p>\u00abVenezuela es un pa\u00eds cuyos indicadores, a pesar del contexto de agresiones del Gobierno de Estados Unidos, del bloqueo y del robo de nuestros activos, y en comparaci\u00f3n con otros pa\u00edses de la regi\u00f3n, se encuentran estables econ\u00f3micamente y vamos hacia un crecimiento gradual\u00bb, dijo El Aissami, citado en un comunicado de su despacho.<\/p>\n\n\n\n<p>Afirm\u00f3 que este crecimiento econ\u00f3mico \u00abse experimenta a pesar del sacrificio inmenso y la afectaci\u00f3n que sufre el pueblo, debido a las sanciones arbitrarias e ilegales de Estados Unidos\u00bb.<\/p>\n\n\n\n<p>Por eso, se pregunt\u00f3 c\u00f3mo est\u00e1 en este momento Colombia, pese a que \u00abhace cuatro a\u00f1os todo el mundo\u00bb ped\u00eda seguir su modelo.<\/p>\n\n\n\n<p>\u00abHubi\u00e9semos terminado incendiados en las calles\u00bb, asegur\u00f3.<\/p>\n\n\n\n<p>A su juicio, \u00abpor eso es bueno hacer historia, y volver a reflexionar sobre el gran esfuerzo\u00bb que considera que ha hecho el Gobierno venezolano y tambi\u00e9n \u00abel sector empresarial\u00bb.<\/p>\n\n\n\n<p>\u00abEs bueno tener esos elementos porque hoy nos sentamos aqu\u00ed frente a ustedes para decirles que seguimos avanzando en esta pol\u00edtica de concertaci\u00f3n, de di\u00e1logo, de encuentro productivo. Hace cuatro, cinco a\u00f1os atr\u00e1s, recuerdo yo, les dec\u00edamos a los empresarios que la historia nos absolver\u00e1, hoy les digo, a\u00f1o 2021, Venezuela est\u00e1 de pie\u00bb, concluy\u00f3.<\/p>\n\n\n\n<p>La Comisi\u00f3n Econ\u00f3mica para Am\u00e9rica Latina y el Caribe (Cepal) public\u00f3 el pasado 8 de julio su \u00faltimo pron\u00f3stico en el que espera que la econom\u00eda de la regi\u00f3n se expanda este a\u00f1o un 5,2 %, una cifra que denota un importante rebote desde la profunda contracci\u00f3n de 6,8 % anotada en 2020, pero que no alcanzar\u00e1 para asegurar un crecimiento sostenido ni revertir los efectos de la pandemia.<\/p>\n\n\n\n<p>Los pa\u00edses que, prev\u00e9n, tendr\u00e1n un peor desempe\u00f1o este a\u00f1o son Cuba (2,2 %), Nicaragua (2 %), Hait\u00ed (0,1 %) y Venezuela, con un descenso del 4 %.<\/p>\n\n\n\n<p>Por otra parte, el Observatorio Venezolano de Finanzas (OVF), entidad independiente que agrupa a varios analistas, afirm\u00f3 el pasado 21 de julio que la actividad econ\u00f3mica de Venezuela, medida por el \u00cdndice de Actividad Econ\u00f3mica (IAEM), cay\u00f3 un 3 % en el segundo trimestre de 2021, con respecto al mismo periodo del a\u00f1o anterior.<\/p>\n\n\n\n<p>Sin embargo, en comparaci\u00f3n con el primer trimestre de 2021, el IAEM muestra un crecimiento del 8,36 %, detall\u00f3 entonces el portavoz del OVF Manuel Le\u00f3n, citado en un comunicado del observatorio.<\/p>\n\n\n\n<p>WTC Radio <\/p>\n","protected":false},"excerpt":{"rendered":"<p>El vicepresidente de Econom\u00eda de Venezuela, Tareck El Aissami, asegur\u00f3 este viernes que su pa\u00eds se encuentra en camino a \u00abun crecimiento gradual\u00bb, pese a que la \u00faltima previsi\u00f3n de la Cepal pronostic\u00f3 que caer\u00e1 un 4 % este a\u00f1o. \u00abVenezuela es un pa\u00eds cuyos indicadores, a pesar del contexto de agresiones del Gobierno de [&hellip;]<\/p>\n","protected":false},"author":2,"featured_media":131104,"comment_status":"closed","ping_status":"closed","sticky":false,"template":"","format":"standard","meta":{"footnotes":""},"categories":[6],"tags":[],"class_list":{"0":"post-196410","1":"post","2":"type-post","3":"status-publish","4":"format-standard","5":"has-post-thumbnail","7":"category-economia"},"_links":{"self":[{"href":"https:\/\/elluchador.info\/index.php?rest_route=\/wp\/v2\/posts\/196410","targetHints":{"allow":["GET"]}}],"collection":[{"href":"https:\/\/elluchador.info\/index.php?rest_route=\/wp\/v2\/posts"}],"about":[{"href":"https:\/\/elluchador.info\/index.php?rest_route=\/wp\/v2\/types\/post"}],"author":[{"embeddable":true,"href":"https:\/\/elluchador.info\/index.php?rest_route=\/wp\/v2\/users\/2"}],"replies":[{"embeddable":true,"href":"https:\/\/elluchador.info\/index.php?rest_route=%2Fwp%2Fv2%2Fcomments&post=196410"}],"version-history":[{"count":1,"href":"https:\/\/elluchador.info\/index.php?rest_route=\/wp\/v2\/posts\/196410\/revisions"}],"predecessor-version":[{"id":196411,"href":"https:\/\/elluchador.info\/index.php?rest_route=\/wp\/v2\/posts\/196410\/revisions\/196411"}],"wp:featuredmedia":[{"embeddable":true,"href":"https:\/\/elluchador.info\/index.php?rest_route=\/wp\/v2\/media\/131104"}],"wp:attachment":[{"href":"https:\/\/elluchador.info\/index.php?rest_route=%2Fwp%2Fv2%2Fmedia&parent=196410"}],"wp:term":[{"taxonomy":"category","embeddable":true,"href":"https:\/\/elluchador.info\/index.php?rest_route=%2Fwp%2Fv2%2Fcategories&post=196410"},{"taxonomy":"post_tag","embeddable":true,"href":"https:\/\/elluchador.info\/index.php?rest_route=%2Fwp%2Fv2%2Ftags&post=196410"}],"curies":[{"name":"wp","href":"https:\/\/api.w.org\/{rel}","templated":true}]}}