{"id":196412,"date":"2021-08-01T18:37:45","date_gmt":"2021-08-01T22:37:45","guid":{"rendered":"https:\/\/elluchador.info\/web\/?p=196412"},"modified":"2021-08-01T18:37:47","modified_gmt":"2021-08-01T22:37:47","slug":"pedro-sanchez-saco-a-abalos-de-su-consejo-de-ministros","status":"publish","type":"post","link":"https:\/\/elluchador.info\/?p=196412","title":{"rendered":"Pedro S\u00e1nchez sac\u00f3 a \u00c1balos de su Consejo de Ministros"},"content":{"rendered":"\n<p><strong>Pedro S\u00e1nchez<\/strong>\u00a0se embarc\u00f3 en una\u00a0fren\u00e9tica remodelaci\u00f3n de Gobierno\u00a0en la que<strong>\u00a0solo cambi\u00f3 a ministros socialistas<\/strong>\u00a0y en el que la baja m\u00e1s sorprendente fue la de\u00a0<strong>Jos\u00e9 Luis \u00c1balos<\/strong>. El titular de Transportes no se lo esperaba y se qued\u00f3 de piedra cuando el presidente le llam\u00f3 por tel\u00e9fono. \u201c<strong>Sabes que te tienes que ir, \u00bfno?<\/strong>\u201c, le solt\u00f3 S\u00e1nchez a un incr\u00e9dulo \u00c1balos.<\/p>\n\n\n\n<p>Estas palabras sugieren que el jefe del Ejecutivo conoc\u00eda un&nbsp;<strong>potencial esc\u00e1ndalo<\/strong>&nbsp;en torno a su ministro, seg\u00fan fuentes gubernamentales consultadas por&nbsp;<em><a href=\"https:\/\/www.vozpopuli.com\/\" target=\"_blank\" rel=\"noreferrer noopener\">Vozp\u00f3puli<\/a><\/em>, y que antes de que le estallase en las manos y le obligase a destituirle, prefiri\u00f3 prescindir de \u00e9l ante el&nbsp;<strong>riesgo pol\u00edtico<\/strong>&nbsp;de tenerle dentro del Consejo de Ministros.<\/p>\n\n\n\n<p>El cese fue&nbsp;<strong>tan inesperado<\/strong>&nbsp;para \u00c1balos que tuvieron que pasar 48 horas para que fuese realidad&nbsp;su dimisi\u00f3n en diferido como secretario de Organizaci\u00f3n del PSOE&nbsp;y que esta estrat\u00e9gica \u00e1rea del partido pasase a manos de&nbsp;<strong>Santos Cerd\u00e1n<\/strong>&nbsp;de forma interina hasta la celebraci\u00f3n del congreso federal de octubre. Una cita que se celebrar\u00e1 en&nbsp;<strong>Valencia<\/strong>, la tierra de \u00c1balos porque as\u00ed lo quiso el entonces n\u00famero dos del PSOE, pero que ahora tendr\u00e1 que&nbsp;<strong>ver desde la barrera<\/strong>.<\/p>\n\n\n\n<p>\u00c1balos fue uno los hombres fuertes de la Moncloa y su peso dentro del Ejecutivo le ha llevado a protagonizar tres de los sucesos m\u00e1s medi\u00e1ticos del actual Ejecutivo como son el denominado\u00a0<em>\u2018<\/em><strong><em>Delcygate\u2019<\/em>, la controvertida compra de material sanitario y el pol\u00e9mico rescate de la aerol\u00ednea Plus Ultra.<\/strong>\u00a0Hechos que todav\u00eda siguen sin esclarecerse y que siguen cargados de interrogantes.<\/p>\n\n\n\n<p>WTC Radio <\/p>\n","protected":false},"excerpt":{"rendered":"<p>Pedro S\u00e1nchez\u00a0se embarc\u00f3 en una\u00a0fren\u00e9tica remodelaci\u00f3n de Gobierno\u00a0en la que\u00a0solo cambi\u00f3 a ministros socialistas\u00a0y en el que la baja m\u00e1s sorprendente fue la de\u00a0Jos\u00e9 Luis \u00c1balos. El titular de Transportes no se lo esperaba y se qued\u00f3 de piedra cuando el presidente le llam\u00f3 por tel\u00e9fono. \u201cSabes que te tienes que ir, \u00bfno?\u201c, le solt\u00f3 [&hellip;]<\/p>\n","protected":false},"author":2,"featured_media":196413,"comment_status":"closed","ping_status":"closed","sticky":false,"template":"","format":"standard","meta":{"footnotes":""},"categories":[8],"tags":[],"class_list":{"0":"post-196412","1":"post","2":"type-post","3":"status-publish","4":"format-standard","5":"has-post-thumbnail","7":"category-internacionales"},"_links":{"self":[{"href":"https:\/\/elluchador.info\/index.php?rest_route=\/wp\/v2\/posts\/196412","targetHints":{"allow":["GET"]}}],"collection":[{"href":"https:\/\/elluchador.info\/index.php?rest_route=\/wp\/v2\/posts"}],"about":[{"href":"https:\/\/elluchador.info\/index.php?rest_route=\/wp\/v2\/types\/post"}],"author":[{"embeddable":true,"href":"https:\/\/elluchador.info\/index.php?rest_route=\/wp\/v2\/users\/2"}],"replies":[{"embeddable":true,"href":"https:\/\/elluchador.info\/index.php?rest_route=%2Fwp%2Fv2%2Fcomments&post=196412"}],"version-history":[{"count":1,"href":"https:\/\/elluchador.info\/index.php?rest_route=\/wp\/v2\/posts\/196412\/revisions"}],"predecessor-version":[{"id":196414,"href":"https:\/\/elluchador.info\/index.php?rest_route=\/wp\/v2\/posts\/196412\/revisions\/196414"}],"wp:featuredmedia":[{"embeddable":true,"href":"https:\/\/elluchador.info\/index.php?rest_route=\/wp\/v2\/media\/196413"}],"wp:attachment":[{"href":"https:\/\/elluchador.info\/index.php?rest_route=%2Fwp%2Fv2%2Fmedia&parent=196412"}],"wp:term":[{"taxonomy":"category","embeddable":true,"href":"https:\/\/elluchador.info\/index.php?rest_route=%2Fwp%2Fv2%2Fcategories&post=196412"},{"taxonomy":"post_tag","embeddable":true,"href":"https:\/\/elluchador.info\/index.php?rest_route=%2Fwp%2Fv2%2Ftags&post=196412"}],"curies":[{"name":"wp","href":"https:\/\/api.w.org\/{rel}","templated":true}]}}