{"id":196424,"date":"2021-08-01T20:58:41","date_gmt":"2021-08-02T00:58:41","guid":{"rendered":"https:\/\/elluchador.info\/web\/?p=196424"},"modified":"2021-08-01T20:58:43","modified_gmt":"2021-08-02T00:58:43","slug":"alexander-jimenez-el-pcv-tiene-las-mejores-condiciones-para-avanzar-crecer-y-fortalecerse","status":"publish","type":"post","link":"https:\/\/elluchador.info\/?p=196424","title":{"rendered":"Alexander Jim\u00e9nez: \u201cEl PCV tiene las mejores condiciones para avanzar, crecer y fortalecerse\u201d"},"content":{"rendered":"\n<p><br>*** \u201cCon leg\u00edtimo orgullo puedo decir cumpl\u00ed con mi misi\u00f3n de concejal, fue una experiencia enriquecedora, trabaj\u00e9 en lo que me gusta ayudar al pueblo, tenderle la mano a mi gente\u201d ***<\/p>\n\n\n\n<p>Temido al mismo tiempo por sus adversarios pol\u00edticos y por sus compa\u00f1eros de partido, Alexander Jim\u00e9nez esconde dureza y simpat\u00eda a partes iguales. Y, sobre todo, coherencia.<br>No de otra forma, este hombre bolivarense que un d\u00eda orientaba su camino hacia la pol\u00edtica con la intenci\u00f3n de velar por su comunidad y parroquia, lleg\u00f3 a convertirse en uno de los l\u00edderes m\u00e1s influyentes de la transici\u00f3n del municipio<br>Heres, hoy Angostura del Orinoco. Pol\u00edtico de trastienda y no de relumbr\u00f3n, perteneciente a las filas del Partido Comunista de Venezuela (PCV), considerado un concejal brillante, que expresa contra sus contendientes un verbo f\u00e1cil,<br>ocurrente y mordaz que conserva desde su juventud.<br>Es un pol\u00edtico de partido, a\u00fan recuerdan algunos dirigentes socialistas de la Sabanita, Agua Salada y otras parroquias la mano f\u00e9rrea que amordazaba cualquier disidencia. Amigo de sus amigos, padre ejemplar, l\u00edder de altura, un hombre cercano y que encierra una personalidad con un toque de humor muy personal. Y eso sin hablar de ese esp\u00edritu creativo innato que fluye sin cesar y que le hace ser muy colaborador en su parroquia y en todo el municipio. As\u00ed nos lo<br>hizo saber cu\u00e1ndo recibi\u00f3 a el equipo de El Luchador en el Mirador Angostura para hablar sobre el tema pol\u00edtico actual que vive Venezuela y en especial el estado Bol\u00edvar.<br>-Comencemos hablando de tus inicios y proyectos actuales. \u00bfC\u00f3mo te proyectas en la pol\u00edtica?<br>Me considero un pol\u00edtico responsable, que desde cada trinchera lucho por proteger los bienes del Estado, vengo de un partido con una historia gloriosa de hero\u00edsmo de nuestra organizaci\u00f3n y de sus miembros, de una incorruptible \u00e9tica, de firmeza ideol\u00f3gica y de una indoblegable defensa de los intereses del pueblo y la clase trabajadora. En lo personal tengo a\u00f1os trabajando desde las bases (\u2026) he venido trabajando desde c\u00e9lulas y en el transcurrir del tiempo pas\u00e9 a formar parte de la direcci\u00f3n municipal del partido y actualmente estoy asumiendo el reto de Propaganda, Agitaci\u00f3n y Medios a escala regional. \u00bfC\u00f3mo me proyecto? Como un pol\u00edtico eficaz, que quiere seguir trabajando por esta gran regi\u00f3n que es Bol\u00edvar y por su gente.<br>-Al considerar al PCV como una fuerza pol\u00edtica en Venezuela \u00bfSientes que el PCV tiene vocaci\u00f3n de Poder?<\/p>\n\n\n\n<p>El PCV tiene las mejores condiciones para avanzar, crecer y fortalecerse. En \u00e9pocas en que la lucha de clases es adormecida o desfigurada por la conciliaci\u00f3n y la paz social impuestas desde la hegemon\u00eda de la clase dominante, a las y los comunistas se nos dificulta nuestra labor con, entre y para la clase trabajadora.<br>Pero cuando el desarrollo de la historia lleva al resquebrajamiento de cualquier hegemon\u00eda dominante, se abren \u00e9pocas de mayor fluidez y dinamismo social y pol\u00edtico, y el andamiaje que sostiene la dominaci\u00f3n queda al descubierto y en<br>peligro. Y si el PCV s\u00ed tiene vocaci\u00f3n de Poder, y no nos referimos simplemente a la conquista electoral de alcald\u00edas o gobernaciones, o incluso de la presidencia de la Rep\u00fablica. Hablamos de la toma verdadera del poder pol\u00edtico, junto al pueblo trabajador organizado, para iniciar por fin, de una vez por todas, la ruta hacia las transformaciones profundas de la econom\u00eda y la sociedad que la historia demanda.<br>-Los venezolanos nos preparamos para unas megas elecciones \u00bfEl nombre de Alexander Jim\u00e9nez estar\u00e1 postulado para alg\u00fan cargo?<br>En todos los estados del pa\u00eds vemos la alegr\u00eda del pueblo prepar\u00e1ndose para una mega fiesta electora, en Bol\u00edvar son muchos los partidos pol\u00edticos afectos al gobierno y de la oposici\u00f3n que se alistan con fuerza para el mes de noviembre,<br>con un nuevo CNE y una nueva AN eso es parte de la democracia. En esta oportunidad mi nombre si estar\u00e1 postulado, pero cambio de escenario, vamos con nuestra mirada al Consejo Legislativo del Estado Bol\u00edvar, me he propuesto trabajar<br>por mi estado Bol\u00edvar y con el respaldo del pueblo vamos hacer el trabajo que muchos no han hecho. Bol\u00edvar necesita diputados responsable y eficaz.<br>-Hablemos de tu paso por el Concejo Municipal de la Alcald\u00eda de Angostura del Orinoco \u00bfC\u00f3mo consideras que fue tu trabajo como concejal?<br>Con leg\u00edtimo orgullo puedo decir que cumpl\u00ed con mi misi\u00f3n de concejal, fue una experiencia enriquecedora, trabaj\u00e9 en lo que me gusta &#8211; ayudar al pueblo, tenderle la mano a mi gente (\u2026) elev\u00e9 propuestas, leyes para el fortalecimiento del<br>municipio, trabajamos de la mano de los transportistas siempre defendiendo al pueblo. Represent\u00e9 dignamente a mi gente y al PCV en la C\u00e1mara Municipal con un trabajo de altura que hace perder de vista, tanto a quienes militamos en estas filas como a quienes desde afuera nos observan, demostrado que el mejor momento de la historia del PCV todav\u00eda est\u00e1 por venir.<br>-\u00bfPor qu\u00e9 el Consejo Legislativo del Estado Bol\u00edvar?<br>Porque Bol\u00edvar necesita hombres y mujeres que realmente amen esta tierra. Es algo inaudito que en cuatro a\u00f1os de gesti\u00f3n los legisladores actuales hayan aprobado una sola ley, que de paso ya exist\u00eda (\u2026) es doloroso pasar por las zonas<br>industriales de La Sabanita y ver lo que fue un emporio de riqueza hoy son almacenes en ruina, destruidos y abandonados. Es triste ver que se puede hacer tanto desde el Consejo Legislativo por el desarrollo del estado Bol\u00edvar y hoy nuestro estado vaya decayendo por falta de diputados capaces de hacer pol\u00edtica de altura y establecer leyes a favor de su pueblo.<br>-\u00bfEl PCV tiene candidatos o se unir\u00e1 al PSUV?<\/p>\n\n\n\n<p>Nuestro partido tendr\u00e1 sus propios candidatos, iremos en alianzas con la Alternativa Popular Revolucionaria.<\/p>\n\n\n\n<ul class=\"wp-block-list\"><li>Para finalizar esta amena entrevista no pod\u00eda falta la siguiente pregunta \u00bfC\u00f3mo te haces inmune ante las diferentes reacciones del pueblo por la falta de servicios, el abandono del Jard\u00edn Bot\u00e1nico y el sueldo de los trabajadores?<br>Como pueblo y como l\u00edder pol\u00edtico no me hago inmune porque tambi\u00e9n me veo perjudicado, pues quiz\u00e1s vaya a sonar repetitivo, pero en los muchos casos la falta de servicios es parte del bloqueo criminal que muchos l\u00edderes opositores han reconocidos, en otros casos como el agua, el aseo urbano, el asfaltado es falta de gesti\u00f3n. En el caso del Jard\u00edn Bot\u00e1nico es all\u00ed donde vemos la falta de los diputados del Consejo Legislativo del estado Bol\u00edvar, pues en su momento ten\u00edan que interpelar al director de ambiente y pedir redici\u00f3n de cuenta y explicaci\u00f3n por el abandono de estas instalaciones que una vez sirvieron para la investigaci\u00f3n, estudio y conservaci\u00f3n de la biodiversidad de la flora del estado Bol\u00edvar, y sede del Herbario de Guayana (\u2026) referente al sueldo la nueva Asamblea Nacional tiene la responsabilidad de proteger el sueldo del trabajador creando nuevas leyes.<br><\/li><\/ul>\n\n\n\n<p><\/p>\n","protected":false},"excerpt":{"rendered":"<p>*** \u201cCon leg\u00edtimo orgullo puedo decir cumpl\u00ed con mi misi\u00f3n de concejal, fue una experiencia enriquecedora, trabaj\u00e9 en lo que me gusta ayudar al pueblo, tenderle la mano a mi gente\u201d *** Temido al mismo tiempo por sus adversarios pol\u00edticos y por sus compa\u00f1eros de partido, Alexander Jim\u00e9nez esconde dureza y simpat\u00eda a partes iguales. [&hellip;]<\/p>\n","protected":false},"author":2,"featured_media":196425,"comment_status":"closed","ping_status":"closed","sticky":false,"template":"","format":"standard","meta":{"footnotes":""},"categories":[5,11],"tags":[],"class_list":{"0":"post-196424","1":"post","2":"type-post","3":"status-publish","4":"format-standard","5":"has-post-thumbnail","7":"category-destacado","8":"category-politica"},"_links":{"self":[{"href":"https:\/\/elluchador.info\/index.php?rest_route=\/wp\/v2\/posts\/196424","targetHints":{"allow":["GET"]}}],"collection":[{"href":"https:\/\/elluchador.info\/index.php?rest_route=\/wp\/v2\/posts"}],"about":[{"href":"https:\/\/elluchador.info\/index.php?rest_route=\/wp\/v2\/types\/post"}],"author":[{"embeddable":true,"href":"https:\/\/elluchador.info\/index.php?rest_route=\/wp\/v2\/users\/2"}],"replies":[{"embeddable":true,"href":"https:\/\/elluchador.info\/index.php?rest_route=%2Fwp%2Fv2%2Fcomments&post=196424"}],"version-history":[{"count":1,"href":"https:\/\/elluchador.info\/index.php?rest_route=\/wp\/v2\/posts\/196424\/revisions"}],"predecessor-version":[{"id":196426,"href":"https:\/\/elluchador.info\/index.php?rest_route=\/wp\/v2\/posts\/196424\/revisions\/196426"}],"wp:featuredmedia":[{"embeddable":true,"href":"https:\/\/elluchador.info\/index.php?rest_route=\/wp\/v2\/media\/196425"}],"wp:attachment":[{"href":"https:\/\/elluchador.info\/index.php?rest_route=%2Fwp%2Fv2%2Fmedia&parent=196424"}],"wp:term":[{"taxonomy":"category","embeddable":true,"href":"https:\/\/elluchador.info\/index.php?rest_route=%2Fwp%2Fv2%2Fcategories&post=196424"},{"taxonomy":"post_tag","embeddable":true,"href":"https:\/\/elluchador.info\/index.php?rest_route=%2Fwp%2Fv2%2Ftags&post=196424"}],"curies":[{"name":"wp","href":"https:\/\/api.w.org\/{rel}","templated":true}]}}