{"id":196452,"date":"2021-08-01T22:59:38","date_gmt":"2021-08-02T02:59:38","guid":{"rendered":"https:\/\/elluchador.info\/web\/?p=196452"},"modified":"2021-08-01T22:59:40","modified_gmt":"2021-08-02T02:59:40","slug":"maduro-anuncio-que-el-pais-entraba-en-semana-flexible-del-2ago-a-8ago","status":"publish","type":"post","link":"https:\/\/elluchador.info\/?p=196452","title":{"rendered":"Maduro anunci\u00f3 que el pa\u00eds entraba en semana flexible del 2ago a 8ago"},"content":{"rendered":"\n<p>Como parte del m\u00e9todo 7+7, desde ma\u00f1ana lunes\u00a0<a href=\"https:\/\/twitter.com\/hashtag\/2Ago?src=hash&amp;ref_src=twsrc%5Etfw\">#2Ago<\/a>\u00a0hasta el domingo\u00a0<a href=\"https:\/\/twitter.com\/hashtag\/8Ago?src=hash&amp;ref_src=twsrc%5Etfw\">#8Ago<\/a>\u00a0ser\u00e1 la semana de flexibilizaci\u00f3n econ\u00f3mica y segura en nuestro pa\u00eds. <\/p>\n\n\n\n<p>\u00abApelamos a la conciencia del pueblo de Venezuela a no relajar las medidas de prevenci\u00f3n y cuidado durante estos d\u00edas.\u00bb<\/p>\n\n\n\n<p>Por su parte, Nicol\u00e1s Maduro anunci\u00f3 este domingo que se registraron cuatro nuevos casos de la variante delta. Asimismo indic\u00f3 que todos son provenientes del exterior.<\/p>\n\n\n\n<p>El Nacional <\/p>\n","protected":false},"excerpt":{"rendered":"<p>Como parte del m\u00e9todo 7+7, desde ma\u00f1ana lunes\u00a0#2Ago\u00a0hasta el domingo\u00a0#8Ago\u00a0ser\u00e1 la semana de flexibilizaci\u00f3n econ\u00f3mica y segura en nuestro pa\u00eds. \u00abApelamos a la conciencia del pueblo de Venezuela a no relajar las medidas de prevenci\u00f3n y cuidado durante estos d\u00edas.\u00bb Por su parte, Nicol\u00e1s Maduro anunci\u00f3 este domingo que se registraron cuatro nuevos casos de [&hellip;]<\/p>\n","protected":false},"author":2,"featured_media":196441,"comment_status":"closed","ping_status":"closed","sticky":false,"template":"","format":"standard","meta":{"footnotes":""},"categories":[5,9],"tags":[],"class_list":{"0":"post-196452","1":"post","2":"type-post","3":"status-publish","4":"format-standard","5":"has-post-thumbnail","7":"category-destacado","8":"category-nacionales"},"_links":{"self":[{"href":"https:\/\/elluchador.info\/index.php?rest_route=\/wp\/v2\/posts\/196452","targetHints":{"allow":["GET"]}}],"collection":[{"href":"https:\/\/elluchador.info\/index.php?rest_route=\/wp\/v2\/posts"}],"about":[{"href":"https:\/\/elluchador.info\/index.php?rest_route=\/wp\/v2\/types\/post"}],"author":[{"embeddable":true,"href":"https:\/\/elluchador.info\/index.php?rest_route=\/wp\/v2\/users\/2"}],"replies":[{"embeddable":true,"href":"https:\/\/elluchador.info\/index.php?rest_route=%2Fwp%2Fv2%2Fcomments&post=196452"}],"version-history":[{"count":1,"href":"https:\/\/elluchador.info\/index.php?rest_route=\/wp\/v2\/posts\/196452\/revisions"}],"predecessor-version":[{"id":196453,"href":"https:\/\/elluchador.info\/index.php?rest_route=\/wp\/v2\/posts\/196452\/revisions\/196453"}],"wp:featuredmedia":[{"embeddable":true,"href":"https:\/\/elluchador.info\/index.php?rest_route=\/wp\/v2\/media\/196441"}],"wp:attachment":[{"href":"https:\/\/elluchador.info\/index.php?rest_route=%2Fwp%2Fv2%2Fmedia&parent=196452"}],"wp:term":[{"taxonomy":"category","embeddable":true,"href":"https:\/\/elluchador.info\/index.php?rest_route=%2Fwp%2Fv2%2Fcategories&post=196452"},{"taxonomy":"post_tag","embeddable":true,"href":"https:\/\/elluchador.info\/index.php?rest_route=%2Fwp%2Fv2%2Ftags&post=196452"}],"curies":[{"name":"wp","href":"https:\/\/api.w.org\/{rel}","templated":true}]}}