{"id":196463,"date":"2021-08-02T08:32:17","date_gmt":"2021-08-02T12:32:17","guid":{"rendered":"https:\/\/elluchador.info\/web\/?p=196463"},"modified":"2021-08-02T08:32:19","modified_gmt":"2021-08-02T12:32:19","slug":"en-el-marco-de-la-semana-mundial-de-lactancia-materna","status":"publish","type":"post","link":"https:\/\/elluchador.info\/?p=196463","title":{"rendered":"En el marco de la Semana Mundial de Lactancia Materna"},"content":{"rendered":"\n<p> En el marco de la celebraci\u00f3n de la Semana Mundial de Lactancia Materna, el gobernador Justo Noguera Pietri contin\u00faa trabajando de la mano de la autoridad \u00fanica de Salud y presidente del Instituto de Salud P\u00fablica del estado Bol\u00edvar (Ispeb), Dr. Franklin Franchi, a favor de las madres lactantes, realizando diversas actividades en los centros de salud y las comunidades.<\/p>\n\n\n\n<p>Esta conmemoraci\u00f3n se lleva a cabo en m\u00e1s de 170 pa\u00edses desde el 1 hasta el 7 de agosto, con el objetivo de fomentar la lactancia materna y mejorar la salud de los beb\u00e9s.<\/p>\n\n\n\n<p>Es importante resaltar que la lactancia materna contiene componentes como carbohidratos, prote\u00ednas, vitaminas y minerales, factores bioactivos y anti-infecciosos, resaltando que el periodo de lactaci\u00f3n es de 6 meses.<\/p>\n\n\n\n<p>Nereida Alfonzo, Coordinadora del departamento lactancia materna por el equipo del Ispeb, se\u00f1al\u00f3 que \u00abla leche materna no tiene comparaci\u00f3n, es un beneficio que mejora el coeficiente intelectual para que en un futuro nuestros ni\u00f1os sean totalmente sanos e inteligentes\u00bb.<\/p>\n\n\n\n<p>El equipo entregado de salud contin\u00faa trabajando a favor de las madres bolivarenses, realizando charlas que permitan ampliar el conocimiento de todas las madres lactantes.<\/p>\n\n\n\n<p>\u00abEstaremos llevando a cabo las visitas casa por casa, induciendo a las primeras gestas y madres adolescentes, amamantar les garantiza el desarrollo integral adecuado a sus beb\u00e9s\u00bb, acot\u00f3 la coordinadora de Lactario Beb\u00e9 Feliz de la Fundaci\u00f3n Regional Ni\u00f1o Sim\u00f3n Bol\u00edvar, Edith Pinto.<\/p>\n\n\n\n<p>Esta semana se estar\u00e1n desarrollando diversas actividades para continuar impulsando la lactancia materna.<\/p>\n\n\n\n<p>En los pr\u00f3ximos d\u00edas se estar\u00e1n desarrollando videoconferencias, conversatorios y consejer\u00edas, as\u00ed como discusi\u00f3n y charlas en la red ambulatoria de la entidad.<\/p>\n\n\n\n<p>Este trabajo se ha mantenido durante todo el a\u00f1o por parte del equipo de salud regional, incentivando la lactancia materna exclusiva para los beb\u00e9s.<\/p>\n\n\n\n<p><strong>Vacunaci\u00f3n de madres lactantes<\/strong><\/p>\n\n\n\n<p>Las madres lactantes tambi\u00e9n son convocadas a la vacunaci\u00f3n anticovid. \u00abEst\u00e1 totalmente afirmado que la lactancia ya no representa una contraindicaci\u00f3n para ninguna de las vacunas, tampoco representa un peligro para tu beb\u00e9, as\u00ed que mamita que ya tienes m\u00e1s de 12 semanas de lactancia puedes acudir y vacunarte contra el covid-19\u00bb, afirm\u00f3 la Dra. Saired Palmares, coordinadora de peritolog\u00eda del Hospital Ruiz y P\u00e1ez.<\/p>\n\n\n\n<p>Prensa Gobol<\/p>\n","protected":false},"excerpt":{"rendered":"<p>En el marco de la celebraci\u00f3n de la Semana Mundial de Lactancia Materna, el gobernador Justo Noguera Pietri contin\u00faa trabajando de la mano de la autoridad \u00fanica de Salud y presidente del Instituto de Salud P\u00fablica del estado Bol\u00edvar (Ispeb), Dr. Franklin Franchi, a favor de las madres lactantes, realizando diversas actividades en los centros [&hellip;]<\/p>\n","protected":false},"author":2,"featured_media":196464,"comment_status":"closed","ping_status":"closed","sticky":false,"template":"","format":"standard","meta":{"footnotes":""},"categories":[5,12],"tags":[],"class_list":{"0":"post-196463","1":"post","2":"type-post","3":"status-publish","4":"format-standard","5":"has-post-thumbnail","7":"category-destacado","8":"category-regionales"},"_links":{"self":[{"href":"https:\/\/elluchador.info\/index.php?rest_route=\/wp\/v2\/posts\/196463","targetHints":{"allow":["GET"]}}],"collection":[{"href":"https:\/\/elluchador.info\/index.php?rest_route=\/wp\/v2\/posts"}],"about":[{"href":"https:\/\/elluchador.info\/index.php?rest_route=\/wp\/v2\/types\/post"}],"author":[{"embeddable":true,"href":"https:\/\/elluchador.info\/index.php?rest_route=\/wp\/v2\/users\/2"}],"replies":[{"embeddable":true,"href":"https:\/\/elluchador.info\/index.php?rest_route=%2Fwp%2Fv2%2Fcomments&post=196463"}],"version-history":[{"count":1,"href":"https:\/\/elluchador.info\/index.php?rest_route=\/wp\/v2\/posts\/196463\/revisions"}],"predecessor-version":[{"id":196465,"href":"https:\/\/elluchador.info\/index.php?rest_route=\/wp\/v2\/posts\/196463\/revisions\/196465"}],"wp:featuredmedia":[{"embeddable":true,"href":"https:\/\/elluchador.info\/index.php?rest_route=\/wp\/v2\/media\/196464"}],"wp:attachment":[{"href":"https:\/\/elluchador.info\/index.php?rest_route=%2Fwp%2Fv2%2Fmedia&parent=196463"}],"wp:term":[{"taxonomy":"category","embeddable":true,"href":"https:\/\/elluchador.info\/index.php?rest_route=%2Fwp%2Fv2%2Fcategories&post=196463"},{"taxonomy":"post_tag","embeddable":true,"href":"https:\/\/elluchador.info\/index.php?rest_route=%2Fwp%2Fv2%2Ftags&post=196463"}],"curies":[{"name":"wp","href":"https:\/\/api.w.org\/{rel}","templated":true}]}}