{"id":196495,"date":"2021-08-02T20:08:52","date_gmt":"2021-08-03T00:08:52","guid":{"rendered":"https:\/\/elluchador.info\/web\/?p=196495"},"modified":"2021-08-02T20:08:54","modified_gmt":"2021-08-03T00:08:54","slug":"en-semana-de-flexibilizacion-registro-civil-da-atencion-integral-a-los-bolivarenses","status":"publish","type":"post","link":"https:\/\/elluchador.info\/?p=196495","title":{"rendered":"En semana de flexibilizaci\u00f3n Registro Civil da atenci\u00f3n integral a los bolivarenses"},"content":{"rendered":"\n<p>*** Trabajar\u00e1n de 8:00 AM hasta las 2:00 PM para dar respuesta oportuna al pueblo<\/p>\n\n\n\n<p>(Prensa Alcald\u00eda AO).- Con el objetivo seguir brindando atenci\u00f3n integral a los bolivarenses, el equipo de registro Civil Municipal mantiene sus operaciones para dar respuesta a los ciudadanos, durante la semana de flexibilizaci\u00f3n.<br>Rafael Guti\u00e9rrez, director de esa dependencia dijo que siguiendo los lineamientos del l\u00edder municipal, se han fortalecido los espacios de atenci\u00f3n para dar respuesta a todos los ciudadanos.<br>Apunt\u00f3 que todos los servicios prestados en la instituci\u00f3n son gratuitos y donde pueden asistir durante la semana de flexibilizaci\u00f3n en horario de 8: AM hasta las 2:00 PM y en semana radical mantienen un equipo de guardia para dar respuesta oportuna a todos los bolivarenses.<br>Todo bajo las pol\u00edticas de calidad e inclusi\u00f3n social, aqu\u00ed se encuentra un equipo lleno de amor al pr\u00f3jimo para tender una mano amiga, como ha sido en estos siete a\u00f1os de gesti\u00f3n de la m\u00e1xima autoridad local, Sergio Hern\u00e1ndez; bajo las pol\u00edticas de altura.<\/p>\n","protected":false},"excerpt":{"rendered":"<p>*** Trabajar\u00e1n de 8:00 AM hasta las 2:00 PM para dar respuesta oportuna al pueblo (Prensa Alcald\u00eda AO).- Con el objetivo seguir brindando atenci\u00f3n integral a los bolivarenses, el equipo de registro Civil Municipal mantiene sus operaciones para dar respuesta a los ciudadanos, durante la semana de flexibilizaci\u00f3n.Rafael Guti\u00e9rrez, director de esa dependencia dijo que [&hellip;]<\/p>\n","protected":false},"author":2,"featured_media":196496,"comment_status":"closed","ping_status":"closed","sticky":false,"template":"","format":"standard","meta":{"footnotes":""},"categories":[5,20],"tags":[],"class_list":{"0":"post-196495","1":"post","2":"type-post","3":"status-publish","4":"format-standard","5":"has-post-thumbnail","7":"category-destacado","8":"category-municipal"},"_links":{"self":[{"href":"https:\/\/elluchador.info\/index.php?rest_route=\/wp\/v2\/posts\/196495","targetHints":{"allow":["GET"]}}],"collection":[{"href":"https:\/\/elluchador.info\/index.php?rest_route=\/wp\/v2\/posts"}],"about":[{"href":"https:\/\/elluchador.info\/index.php?rest_route=\/wp\/v2\/types\/post"}],"author":[{"embeddable":true,"href":"https:\/\/elluchador.info\/index.php?rest_route=\/wp\/v2\/users\/2"}],"replies":[{"embeddable":true,"href":"https:\/\/elluchador.info\/index.php?rest_route=%2Fwp%2Fv2%2Fcomments&post=196495"}],"version-history":[{"count":1,"href":"https:\/\/elluchador.info\/index.php?rest_route=\/wp\/v2\/posts\/196495\/revisions"}],"predecessor-version":[{"id":196497,"href":"https:\/\/elluchador.info\/index.php?rest_route=\/wp\/v2\/posts\/196495\/revisions\/196497"}],"wp:featuredmedia":[{"embeddable":true,"href":"https:\/\/elluchador.info\/index.php?rest_route=\/wp\/v2\/media\/196496"}],"wp:attachment":[{"href":"https:\/\/elluchador.info\/index.php?rest_route=%2Fwp%2Fv2%2Fmedia&parent=196495"}],"wp:term":[{"taxonomy":"category","embeddable":true,"href":"https:\/\/elluchador.info\/index.php?rest_route=%2Fwp%2Fv2%2Fcategories&post=196495"},{"taxonomy":"post_tag","embeddable":true,"href":"https:\/\/elluchador.info\/index.php?rest_route=%2Fwp%2Fv2%2Ftags&post=196495"}],"curies":[{"name":"wp","href":"https:\/\/api.w.org\/{rel}","templated":true}]}}