{"id":196506,"date":"2021-08-02T21:10:24","date_gmt":"2021-08-03T01:10:24","guid":{"rendered":"https:\/\/elluchador.info\/web\/?p=196506"},"modified":"2021-08-02T21:10:25","modified_gmt":"2021-08-03T01:10:25","slug":"cne-iniciara-este-martes-auditoria-del-registro-electoral-%ef%bb%bf","status":"publish","type":"post","link":"https:\/\/elluchador.info\/?p=196506","title":{"rendered":"CNE iniciar\u00e1 este martes auditor\u00eda del Registro Electoral \ufeff"},"content":{"rendered":"\n<p>El presidente del Consejo Nacional Electoral (CNE), Pedro Calzadilla, inform\u00f3 que sostuvo un encuentro este lunes con su par del Consejo de Expertos Electorales de Latinoam\u00e9rica (CEELA), Nicanor Moscoso, en el cual conversaron acerca de las condiciones para el desarrollo de las actividades de acompa\u00f1amiento.<\/p>\n\n\n\n<p>Mediante la cuenta de Twitter del poder Electoral, se rese\u00f1\u00f3 que el experto presenciar\u00e1 el inicio de la auditor\u00eda del Registro Electoral que se realizar\u00e1 este martes.<\/p>\n\n\n\n<p>\u00abEn la Auditor\u00eda del Registro Electoral se revisan todos los movimientos registrados en la base de datos de los electores y las electoras, para garantizar la transparencia y la consistencia de los datos\u00bb, rese\u00f1aron.<\/p>\n\n\n\n<p>Uni\u00f3n Radio<\/p>\n","protected":false},"excerpt":{"rendered":"<p>El presidente del Consejo Nacional Electoral (CNE), Pedro Calzadilla, inform\u00f3 que sostuvo un encuentro este lunes con su par del Consejo de Expertos Electorales de Latinoam\u00e9rica (CEELA), Nicanor Moscoso, en el cual conversaron acerca de las condiciones para el desarrollo de las actividades de acompa\u00f1amiento. Mediante la cuenta de Twitter del poder Electoral, se rese\u00f1\u00f3 [&hellip;]<\/p>\n","protected":false},"author":2,"featured_media":196507,"comment_status":"closed","ping_status":"closed","sticky":false,"template":"","format":"standard","meta":{"footnotes":""},"categories":[9],"tags":[],"class_list":{"0":"post-196506","1":"post","2":"type-post","3":"status-publish","4":"format-standard","5":"has-post-thumbnail","7":"category-nacionales"},"_links":{"self":[{"href":"https:\/\/elluchador.info\/index.php?rest_route=\/wp\/v2\/posts\/196506","targetHints":{"allow":["GET"]}}],"collection":[{"href":"https:\/\/elluchador.info\/index.php?rest_route=\/wp\/v2\/posts"}],"about":[{"href":"https:\/\/elluchador.info\/index.php?rest_route=\/wp\/v2\/types\/post"}],"author":[{"embeddable":true,"href":"https:\/\/elluchador.info\/index.php?rest_route=\/wp\/v2\/users\/2"}],"replies":[{"embeddable":true,"href":"https:\/\/elluchador.info\/index.php?rest_route=%2Fwp%2Fv2%2Fcomments&post=196506"}],"version-history":[{"count":1,"href":"https:\/\/elluchador.info\/index.php?rest_route=\/wp\/v2\/posts\/196506\/revisions"}],"predecessor-version":[{"id":196508,"href":"https:\/\/elluchador.info\/index.php?rest_route=\/wp\/v2\/posts\/196506\/revisions\/196508"}],"wp:featuredmedia":[{"embeddable":true,"href":"https:\/\/elluchador.info\/index.php?rest_route=\/wp\/v2\/media\/196507"}],"wp:attachment":[{"href":"https:\/\/elluchador.info\/index.php?rest_route=%2Fwp%2Fv2%2Fmedia&parent=196506"}],"wp:term":[{"taxonomy":"category","embeddable":true,"href":"https:\/\/elluchador.info\/index.php?rest_route=%2Fwp%2Fv2%2Fcategories&post=196506"},{"taxonomy":"post_tag","embeddable":true,"href":"https:\/\/elluchador.info\/index.php?rest_route=%2Fwp%2Fv2%2Ftags&post=196506"}],"curies":[{"name":"wp","href":"https:\/\/api.w.org\/{rel}","templated":true}]}}