{"id":196529,"date":"2021-08-03T15:15:29","date_gmt":"2021-08-03T19:15:29","guid":{"rendered":"https:\/\/elluchador.info\/web\/?p=196529"},"modified":"2021-08-03T15:15:32","modified_gmt":"2021-08-03T19:15:32","slug":"beato-jose-gregorio-hernandez-podria-ser-canonizado-en-2022","status":"publish","type":"post","link":"https:\/\/elluchador.info\/?p=196529","title":{"rendered":"Beato Jos\u00e9 Gregorio Hern\u00e1ndez podr\u00eda ser canonizado en 2022"},"content":{"rendered":"\n<p>La canonizaci\u00f3n del beato&nbsp;<strong>Jos\u00e9 Gregorio Hern\u00e1ndez podr\u00eda cumplirse el pr\u00f3ximo a\u00f1o<\/strong>, inform\u00f3 el presb\u00edtero Gerardino Barrachini, vicepostulador de la causa y vicario episcopal de la Arquidi\u00f3cesis de Caracas.<\/p>\n\n\n\n<p>\u201cQue el beato nos siga indicando el camino que debemos seguir, ya que ya&nbsp;<strong>el camino de la canonizaci\u00f3n est\u00e1 trazado<\/strong>. Estamos seguros de que el a\u00f1o que viene vamos a tener la canonizaci\u00f3n\u201d, dijo Barrachini.<\/p>\n\n\n\n<p>El presb\u00edtero ofreci\u00f3 sus declaraciones al equipo de prensa de la&nbsp;Arquidi\u00f3cesis de Caracas, que public\u00f3 un video en sus redes sociales. Tambi\u00e9n se inform\u00f3 que entronizaron la reliquia de Jos\u00e9 Gregorio Hern\u00e1ndez en la Tercera Orden Franciscana Seglar.<\/p>\n\n\n\n<p>A Barrachini lo nombraron vicepostulador de la causa de canonizaci\u00f3n del beato venezolano en mayo pasado.<\/p>\n\n\n\n<p>Despu\u00e9s de 72 a\u00f1os de haberse iniciado el proceso,&nbsp;<strong>al doctor lo beatificaron el viernes 30 de abril<\/strong>. Monse\u00f1or Aldo Giordano, nuncio apost\u00f3lico en Venezuela, presidi\u00f3 la ceremonia, que se celebr\u00f3 en la capilla del Colegio La Salle, en Caracas.<\/p>\n\n\n\n<p>Aproximadamente 150 personas asistieron al acto, sobrio y emotivo, que comenz\u00f3 a las 10:00 am, y en el que estuvo presente&nbsp;<strong>Yaxury Sol\u00f3rzano Ortega<\/strong>, la ni\u00f1a del milagro por el que beatificaron al M\u00e9dico de los pobres.<\/p>\n\n\n\n<p>Muchos feligreses&nbsp;<strong>se concentraron en los alrededores de la Iglesia Nuestra Se\u00f1ora de La Candelaria<\/strong>, en el centro de Caracas, donde reposan los restos mortales de Hern\u00e1ndez. Tambi\u00e9n en la parroquia La Pastora, justo en el lugar donde arrollaron a Hern\u00e1ndez en 1919.<\/p>\n\n\n\n<p>La Arquidi\u00f3cesis de Caracas&nbsp;<strong>envi\u00f3 una reliquia, con forma de microscopio y con un sombrero que refiere a la imagen de Hern\u00e1ndez, a cada una de las di\u00f3cesis<\/strong>&nbsp;del pa\u00eds en donde los obispos establecieron un santuario para que los creyentes de esas localidades lo reciban y celebren as\u00ed la beatificaci\u00f3n.<\/p>\n\n\n\n<p><strong>El Nacional<\/strong><\/p>\n","protected":false},"excerpt":{"rendered":"<p>La canonizaci\u00f3n del beato&nbsp;Jos\u00e9 Gregorio Hern\u00e1ndez podr\u00eda cumplirse el pr\u00f3ximo a\u00f1o, inform\u00f3 el presb\u00edtero Gerardino Barrachini, vicepostulador de la causa y vicario episcopal de la Arquidi\u00f3cesis de Caracas. \u201cQue el beato nos siga indicando el camino que debemos seguir, ya que ya&nbsp;el camino de la canonizaci\u00f3n est\u00e1 trazado. Estamos seguros de que el a\u00f1o que [&hellip;]<\/p>\n","protected":false},"author":2,"featured_media":196530,"comment_status":"closed","ping_status":"closed","sticky":false,"template":"","format":"standard","meta":{"footnotes":""},"categories":[5,9],"tags":[],"class_list":{"0":"post-196529","1":"post","2":"type-post","3":"status-publish","4":"format-standard","5":"has-post-thumbnail","7":"category-destacado","8":"category-nacionales"},"_links":{"self":[{"href":"https:\/\/elluchador.info\/index.php?rest_route=\/wp\/v2\/posts\/196529","targetHints":{"allow":["GET"]}}],"collection":[{"href":"https:\/\/elluchador.info\/index.php?rest_route=\/wp\/v2\/posts"}],"about":[{"href":"https:\/\/elluchador.info\/index.php?rest_route=\/wp\/v2\/types\/post"}],"author":[{"embeddable":true,"href":"https:\/\/elluchador.info\/index.php?rest_route=\/wp\/v2\/users\/2"}],"replies":[{"embeddable":true,"href":"https:\/\/elluchador.info\/index.php?rest_route=%2Fwp%2Fv2%2Fcomments&post=196529"}],"version-history":[{"count":1,"href":"https:\/\/elluchador.info\/index.php?rest_route=\/wp\/v2\/posts\/196529\/revisions"}],"predecessor-version":[{"id":196531,"href":"https:\/\/elluchador.info\/index.php?rest_route=\/wp\/v2\/posts\/196529\/revisions\/196531"}],"wp:featuredmedia":[{"embeddable":true,"href":"https:\/\/elluchador.info\/index.php?rest_route=\/wp\/v2\/media\/196530"}],"wp:attachment":[{"href":"https:\/\/elluchador.info\/index.php?rest_route=%2Fwp%2Fv2%2Fmedia&parent=196529"}],"wp:term":[{"taxonomy":"category","embeddable":true,"href":"https:\/\/elluchador.info\/index.php?rest_route=%2Fwp%2Fv2%2Fcategories&post=196529"},{"taxonomy":"post_tag","embeddable":true,"href":"https:\/\/elluchador.info\/index.php?rest_route=%2Fwp%2Fv2%2Ftags&post=196529"}],"curies":[{"name":"wp","href":"https:\/\/api.w.org\/{rel}","templated":true}]}}