{"id":196616,"date":"2021-08-05T08:01:34","date_gmt":"2021-08-05T12:01:34","guid":{"rendered":"https:\/\/elluchador.info\/web\/?p=196616"},"modified":"2021-08-05T08:01:35","modified_gmt":"2021-08-05T12:01:35","slug":"venezolano-andres-madera-no-logro-subir-al-podium-olimpico","status":"publish","type":"post","link":"https:\/\/elluchador.info\/?p=196616","title":{"rendered":"Venezolano Andr\u00e9s Madera no logr\u00f3 subir al p\u00f3dium ol\u00edmpico"},"content":{"rendered":"\n<p>El&nbsp;<a href=\"https:\/\/twitter.com\/ANDRESMADERA?ref_src=twsrc%5Egoogle%7Ctwcamp%5Eserp%7Ctwgr%5Eauthor\">karateca venezolano<\/a>&nbsp;Andr\u00e9s Madera fue eliminado de los Juegos Ol\u00edmpicos de Tokio luego de perder cuatro de los cinco combates que conformaron la ronda de eliminaci\u00f3n.<\/p>\n\n\n\n<p>Madera debut\u00f3 en los Juegos Ol\u00edmpicos propinando una derrota al italiano Angelo Crescenzo (5-0) para luego enfrentarse al representante de Lituania Kalvis Kalnnis en un cerrado combate.<\/p>\n\n\n\n<p>Faltando dos minutos y diez segundos en el reloj, Kalnnis remont\u00f3 en el marcador un punto por encima, diferencia que le fue imposible de remontar a Madera y perdi\u00f3 4-2.<\/p>\n\n\n\n<p>El atleta venezolano se enfrent\u00f3 en su tercer combate al representante del equipo de refugiados, Hamoon Derafshipour, quien le propin\u00f3 su segunda derrota 9-3, rese\u00f1\u00f3&nbsp;<a href=\"https:\/\/olimpicos.marcaclaro.com\/tokyo-2020\/noticias\/andres-madera-de-venezuela-dice-adios-en-el-karate-de-tokyo-2020-18744\/\">MARCA Claro.<\/a><\/p>\n\n\n\n<p>En su cuarto combate, Madera cay\u00f3 ante el representante de Francia, Steven da Costa, quien le propin\u00f3 un waza-ari y lo venci\u00f3 2-0. En su \u00faltimo intento, el venezolano perdi\u00f3 ante el jordano Abdel Rahman Almasafta por un ippon y un yuko.<\/p>\n\n\n\n<h2 class=\"wp-block-heading\">\u00abFue un gran d\u00eda\u00bb<\/h2>\n\n\n\n<p>Horas despu\u00e9s de su participaci\u00f3n en los Juegos, Madera public\u00f3 un mensaje en Twitter en el expres\u00f3 su agradecimiento a las personas que \u00abno dejaron de creer en mi\u00bb.<\/p>\n\n\n\n<p>\u00abHoy fue un gran d\u00eda. A pesar de no subir a un p\u00f3dium ol\u00edmpico les juro que no deje de intentarlo en ning\u00fan segundo. Luche con fuerzas por todos los venezolanos, mis amigos y familia que no dejaron de creer en mi. Ustedes son responsable de este sue\u00f1o\u00bb, expres\u00f3.<\/p>\n\n\n\n<p>Para este viernes, se espera la participaci\u00f3n de Antonio D\u00edaz quien debutar\u00e1 en la modalidad de kata.<\/p>\n\n\n\n<figure class=\"wp-block-embed is-type-rich is-provider-twitter wp-block-embed-twitter\"><div class=\"wp-block-embed__wrapper\">\n<blockquote class=\"twitter-tweet\" data-width=\"550\" data-dnt=\"true\"><p lang=\"es\" dir=\"ltr\">Hoy fue un gran d\u00eda \u2600\ufe0f ! A pesar de no subir a un podium Ol\u00edmpico les juro que no deje de intentarlo en ning\u00fan segundo !! Luche con fuerzas por todos los venezolanos,mis amigos y familia que no dejaron de creer en mi . Ustedes son responsable de este sue\u00f1o \ud83d\udcab! <a href=\"https:\/\/t.co\/byKovORePe\">pic.twitter.com\/byKovORePe<\/a><\/p>&mdash; ANDRES MADERA (@ANDRESMADERA) <a href=\"https:\/\/twitter.com\/ANDRESMADERA\/status\/1423218712832745479?ref_src=twsrc%5Etfw\">August 5, 2021<\/a><\/blockquote><script async src=\"https:\/\/platform.twitter.com\/widgets.js\" charset=\"utf-8\"><\/script>\n<\/div><\/figure>\n\n\n\n<p><strong>El Nacional<\/strong><\/p>\n","protected":false},"excerpt":{"rendered":"<p>El&nbsp;karateca venezolano&nbsp;Andr\u00e9s Madera fue eliminado de los Juegos Ol\u00edmpicos de Tokio luego de perder cuatro de los cinco combates que conformaron la ronda de eliminaci\u00f3n. Madera debut\u00f3 en los Juegos Ol\u00edmpicos propinando una derrota al italiano Angelo Crescenzo (5-0) para luego enfrentarse al representante de Lituania Kalvis Kalnnis en un cerrado combate. Faltando dos minutos [&hellip;]<\/p>\n","protected":false},"author":2,"featured_media":196617,"comment_status":"closed","ping_status":"closed","sticky":false,"template":"","format":"standard","meta":{"footnotes":""},"categories":[1,5],"tags":[],"class_list":{"0":"post-196616","1":"post","2":"type-post","3":"status-publish","4":"format-standard","5":"has-post-thumbnail","7":"category-deporte","8":"category-destacado"},"_links":{"self":[{"href":"https:\/\/elluchador.info\/index.php?rest_route=\/wp\/v2\/posts\/196616","targetHints":{"allow":["GET"]}}],"collection":[{"href":"https:\/\/elluchador.info\/index.php?rest_route=\/wp\/v2\/posts"}],"about":[{"href":"https:\/\/elluchador.info\/index.php?rest_route=\/wp\/v2\/types\/post"}],"author":[{"embeddable":true,"href":"https:\/\/elluchador.info\/index.php?rest_route=\/wp\/v2\/users\/2"}],"replies":[{"embeddable":true,"href":"https:\/\/elluchador.info\/index.php?rest_route=%2Fwp%2Fv2%2Fcomments&post=196616"}],"version-history":[{"count":1,"href":"https:\/\/elluchador.info\/index.php?rest_route=\/wp\/v2\/posts\/196616\/revisions"}],"predecessor-version":[{"id":196618,"href":"https:\/\/elluchador.info\/index.php?rest_route=\/wp\/v2\/posts\/196616\/revisions\/196618"}],"wp:featuredmedia":[{"embeddable":true,"href":"https:\/\/elluchador.info\/index.php?rest_route=\/wp\/v2\/media\/196617"}],"wp:attachment":[{"href":"https:\/\/elluchador.info\/index.php?rest_route=%2Fwp%2Fv2%2Fmedia&parent=196616"}],"wp:term":[{"taxonomy":"category","embeddable":true,"href":"https:\/\/elluchador.info\/index.php?rest_route=%2Fwp%2Fv2%2Fcategories&post=196616"},{"taxonomy":"post_tag","embeddable":true,"href":"https:\/\/elluchador.info\/index.php?rest_route=%2Fwp%2Fv2%2Ftags&post=196616"}],"curies":[{"name":"wp","href":"https:\/\/api.w.org\/{rel}","templated":true}]}}