{"id":197292,"date":"2021-08-20T13:53:03","date_gmt":"2021-08-20T17:53:03","guid":{"rendered":"https:\/\/elluchador.info\/web\/?p=197292"},"modified":"2021-08-20T13:53:04","modified_gmt":"2021-08-20T17:53:04","slug":"gestion-municipal-erradico-vertedero-espontaneo-en-los-bloques-de-la-paragua-parroquia-vista-hermosa","status":"publish","type":"post","link":"https:\/\/elluchador.info\/?p=197292","title":{"rendered":"Gesti\u00f3n municipal erradic\u00f3 vertedero espontaneo en los bloques de la Paragua parroquia Vista Hermosa"},"content":{"rendered":"\n<p><br>*** C\u00e1ndida Mujica declar\u00f3: Ante la llegada de las lluvias el equipo integral se encuentra desplegado dando respuestas oportunas<\/p>\n\n\n\n<p><br>(Prensa alcald\u00eda A\/O).- Con trabajo constancia y amor el equipo de trabajo la direcci\u00f3n de Infraestructura y la Direcci\u00f3n de Servicios Generales Municipales, en compa\u00f1\u00eda del equipo pol\u00edtico municipal l\u00edderes de comunidad de la parroquia Vista Hermosa, UBCH y la RAAS, en articulaci\u00f3n con las empresas Cabelum y empresa privada efectuaron un plan de acci\u00f3n inmediato de mantenimiento integral, en aras de seguir preservando los espacios ante la llegada de las lluvias.<br>La directora de Infraestructura C\u00e1ndida Mujica, inform\u00f3 que gracias a la sinergia institucional y la empresa privada, se efectuaron las acometidas dando cumplimiento a las directrices del alcalde Sergio Hern\u00e1ndez.<br>\u201cBajo la gesti\u00f3n perseverante del l\u00edder municipal se efectuaron los trabajos de la eliminaci\u00f3n de un vertedero espont\u00e1neo que se encontraba en las inmediaciones de los bloques de la Paragua de la parroquia Vista Hermosa, utilizando maquinaria pesada d\u00e1ndole continuidad a las pol\u00edticas en materia ambiental y bajo la articulaci\u00f3n con CVG Cabelum e instituciones privadas \u00ab, explic\u00f3<br>Asimismo mencion\u00f3 que ante las fuertes lluvias ocasionadas en las \u00faltimas horas, el equipo at\u00f3mico de Servicios Generales Municipal en compa\u00f1\u00eda de su director Eleazar Torres, realizaron trabajos de barrido y limpieza.<br>Dijo que trabajan de manera articulada para darle respuestas oportunas al pueblo, por lo que se encuentran desplegados en la zona llevando las acciones en maeria ambiental.<br>\u00abSe efectuaron estas acciones se optimizan los espacios para el bienestar de nuestro pueblo, saneando cada uno de los espacios y de esta manera vamos construyendo el municipio Potencia Ambiental que todos queremos\u00bb, explic\u00f3.<br>La directora municipal C\u00e1ndida Mujica finaliz\u00f3 diciendo que todos deben poner un granito de arena para el mantenimiento de los espacios por el bienestar de todos.<\/p>\n","protected":false},"excerpt":{"rendered":"<p>*** C\u00e1ndida Mujica declar\u00f3: Ante la llegada de las lluvias el equipo integral se encuentra desplegado dando respuestas oportunas (Prensa alcald\u00eda A\/O).- Con trabajo constancia y amor el equipo de trabajo la direcci\u00f3n de Infraestructura y la Direcci\u00f3n de Servicios Generales Municipales, en compa\u00f1\u00eda del equipo pol\u00edtico municipal l\u00edderes de comunidad de la parroquia Vista [&hellip;]<\/p>\n","protected":false},"author":2,"featured_media":197293,"comment_status":"closed","ping_status":"closed","sticky":false,"template":"","format":"standard","meta":{"footnotes":""},"categories":[5,20],"tags":[],"class_list":{"0":"post-197292","1":"post","2":"type-post","3":"status-publish","4":"format-standard","5":"has-post-thumbnail","7":"category-destacado","8":"category-municipal"},"_links":{"self":[{"href":"https:\/\/elluchador.info\/index.php?rest_route=\/wp\/v2\/posts\/197292","targetHints":{"allow":["GET"]}}],"collection":[{"href":"https:\/\/elluchador.info\/index.php?rest_route=\/wp\/v2\/posts"}],"about":[{"href":"https:\/\/elluchador.info\/index.php?rest_route=\/wp\/v2\/types\/post"}],"author":[{"embeddable":true,"href":"https:\/\/elluchador.info\/index.php?rest_route=\/wp\/v2\/users\/2"}],"replies":[{"embeddable":true,"href":"https:\/\/elluchador.info\/index.php?rest_route=%2Fwp%2Fv2%2Fcomments&post=197292"}],"version-history":[{"count":1,"href":"https:\/\/elluchador.info\/index.php?rest_route=\/wp\/v2\/posts\/197292\/revisions"}],"predecessor-version":[{"id":197294,"href":"https:\/\/elluchador.info\/index.php?rest_route=\/wp\/v2\/posts\/197292\/revisions\/197294"}],"wp:featuredmedia":[{"embeddable":true,"href":"https:\/\/elluchador.info\/index.php?rest_route=\/wp\/v2\/media\/197293"}],"wp:attachment":[{"href":"https:\/\/elluchador.info\/index.php?rest_route=%2Fwp%2Fv2%2Fmedia&parent=197292"}],"wp:term":[{"taxonomy":"category","embeddable":true,"href":"https:\/\/elluchador.info\/index.php?rest_route=%2Fwp%2Fv2%2Fcategories&post=197292"},{"taxonomy":"post_tag","embeddable":true,"href":"https:\/\/elluchador.info\/index.php?rest_route=%2Fwp%2Fv2%2Ftags&post=197292"}],"curies":[{"name":"wp","href":"https:\/\/api.w.org\/{rel}","templated":true}]}}