{"id":197295,"date":"2021-08-20T14:07:35","date_gmt":"2021-08-20T18:07:35","guid":{"rendered":"https:\/\/elluchador.info\/web\/?p=197295"},"modified":"2021-08-20T14:07:37","modified_gmt":"2021-08-20T18:07:37","slug":"candidato-angel-marcano-apadrino-acto-de-grado-del-ejercito-de-batas-blancas-por-la-vida-2021","status":"publish","type":"post","link":"https:\/\/elluchador.info\/?p=197295","title":{"rendered":"Candidato \u00c1ngel Marcano apadrin\u00f3 acto de grado del Ej\u00e9rcito de Batas Blancas por la Vida 2021"},"content":{"rendered":"\n<p><\/p>\n\n\n\n<p><strong><em>El ministro de Salud, Dr. Carlos Alvarado y el abanderado a la Gobernaci\u00f3n del estado Bol\u00edvar felicitaron a los graduandos de la D\u00e9cima Corte de Medicina Integral Comunitaria y primera de fisioterapeutas.<\/em><\/strong><\/p>\n\n\n\n<p>(Prensa Comando de Campa\u00f1a \u201cArist\u00f3bulo Ist\u00fariz\u201d).- El candidato a la Gobernaci\u00f3n del estado Bol\u00edvar por el Partido Socialista Unido de Venezuela (Psuv), \u00c1ngel Marcano, apadrin\u00f3 la D\u00e9cima Corte de Medicina Integral Comunitaria y primera de fisioterapeutas de la Universidad de la Ciencia y la Salud \u201cHugo Ch\u00e1vez\u201d en la entidad.<\/p>\n\n\n\n<p>En un acto realizado, este viernes, en el auditorio de la empresa CVG Bauxilum, donde tambi\u00e9n particip\u00f3 el ministro del Poder Popular para la Salud, Dr. Carlos Alvarado; el coordinador de la Misi\u00f3n M\u00e9dica Cubana en el estado Bol\u00edvar, Dr. Ad\u00e1n Villavicencio; la Autoridad \u00danica de Salud, Dr. Franklin Franchi; el director general del centro universitario, Adleys Coraspe; y, el presidente de la Operadora de Al\u00famina, Ernesto Rivero, los m\u00e1s de 120 graduandos respaldaron al abanderado de la tolda roja, por ser un hombre que viene de las bases de la clase obrera de Guayana y un leal luchador y defensor de la revoluci\u00f3n.<\/p>\n\n\n\n<p>Recordaron que la clase obrera de Guayana junto a Marcano fueron quienes reconstruyeron la Escuela de Medicina Dr. Mario Guatadaglia en 2014, en el estado Bol\u00edvar, instituci\u00f3n que hoy por hoy se encuentra formando a nuevos profesionales.<\/p>\n\n\n\n<p>Adem\u00e1s, reconocieron el trabajo voluntario que, a trav\u00e9s del Parlamentarismo de Calle, realiz\u00f3 Marcano con las y los trabajadores de las empresas b\u00e1sicas de Guayana, en la recuperaci\u00f3n de los Centros de Diagn\u00f3stico Integral (CDI) y el Hospital de Trauma y Soporte Vital (ubicado en VEN 911), para reforzar el sistema de salud regional en estos tiempos de pandemia.<\/p>\n\n\n\n<p>\u201cEn esta jornada de graduaci\u00f3n 2020, est\u00e1 egresando no solo m\u00e9dicos integrales comunitarios, sino tambi\u00e9n estamos egresando las primeras promociones de Enfermer\u00eda Integral Comunitaria en otras partes del pa\u00eds, fisioterapia en el estado Bol\u00edvar, Terapia Ocupacional, Radiolog\u00eda, es decir nuestra universidad est\u00e1 creciendo, gracias al esfuerzo que hace su equipo docente\u201d, se\u00f1al\u00f3 el titular de la cartera de salud.<\/p>\n\n\n\n<p>Los nuevos m\u00e9dicos, que pasan a integrar el Ej\u00e9rcito de las Batas Blancas de la entidad, estar\u00e1n trabajando en las comunidades vulnerables, en apoyo a las pol\u00edticas de salud y la lucha contra el covid-19 que implementa el Gobierno nacional, que lidera el presidente de la Rep\u00fablica, Nicol\u00e1s Maduro Moros y se colocaron a la orden de qui\u00e9n ser\u00e1 el nuevo gobernador.<\/p>\n\n\n\n<p>Marcano, durante su intervenci\u00f3n, aplaudi\u00f3 el esfuerzo realizado por estos hombres y mujeres para alcanzar sus t\u00edtulos universitarios y asegur\u00f3 que ellos mantendr\u00e1n el legado que dej\u00f3 el comandante Hugo Ch\u00e1vez, cuando conform\u00f3 una alianza con el hermano pa\u00eds de Cuba para crear la Misi\u00f3n M\u00e9dico Cubana.<\/p>\n\n\n\n<p>\u201cLos que hemos sido revolucionarios, creemos en la juventud, creemos que esto pod\u00eda hacerse realidad. Ustedes van a servirle a este pueblo, ah\u00ed de manera directa en la comunidad, pero no est\u00e1n solos los vamos a acompa\u00f1ar para que logren los objetivos\u201d, dijo el a\u00fan diputado a la Asamblea Nacional.<\/p>\n\n\n\n<p>Precis\u00f3 que para el Gobierno Revolucionario la educaci\u00f3n y la salud van de la mano, por ello es que se enfocan en formar y capacitar a la juventud, para que salga a la vanguardia de las diversas situaciones que se puedan presentar en el pa\u00eds.<\/p>\n\n\n\n<p>El aspirante a gobernador manifest\u00f3 que \u201cBol\u00edvar est\u00e1 renaciendo\u201d con un proyecto de gesti\u00f3n, donde la participaci\u00f3n y el protagonismo del pueblo ser\u00e1 fundamental en la toma de decisiones.<\/p>\n","protected":false},"excerpt":{"rendered":"<p>El ministro de Salud, Dr. Carlos Alvarado y el abanderado a la Gobernaci\u00f3n del estado Bol\u00edvar felicitaron a los graduandos de la D\u00e9cima Corte de Medicina Integral Comunitaria y primera de fisioterapeutas. (Prensa Comando de Campa\u00f1a \u201cArist\u00f3bulo Ist\u00fariz\u201d).- El candidato a la Gobernaci\u00f3n del estado Bol\u00edvar por el Partido Socialista Unido de Venezuela (Psuv), \u00c1ngel [&hellip;]<\/p>\n","protected":false},"author":2,"featured_media":197296,"comment_status":"closed","ping_status":"closed","sticky":false,"template":"","format":"standard","meta":{"footnotes":""},"categories":[5,11,12],"tags":[],"class_list":{"0":"post-197295","1":"post","2":"type-post","3":"status-publish","4":"format-standard","5":"has-post-thumbnail","7":"category-destacado","8":"category-politica","9":"category-regionales"},"_links":{"self":[{"href":"https:\/\/elluchador.info\/index.php?rest_route=\/wp\/v2\/posts\/197295","targetHints":{"allow":["GET"]}}],"collection":[{"href":"https:\/\/elluchador.info\/index.php?rest_route=\/wp\/v2\/posts"}],"about":[{"href":"https:\/\/elluchador.info\/index.php?rest_route=\/wp\/v2\/types\/post"}],"author":[{"embeddable":true,"href":"https:\/\/elluchador.info\/index.php?rest_route=\/wp\/v2\/users\/2"}],"replies":[{"embeddable":true,"href":"https:\/\/elluchador.info\/index.php?rest_route=%2Fwp%2Fv2%2Fcomments&post=197295"}],"version-history":[{"count":1,"href":"https:\/\/elluchador.info\/index.php?rest_route=\/wp\/v2\/posts\/197295\/revisions"}],"predecessor-version":[{"id":197297,"href":"https:\/\/elluchador.info\/index.php?rest_route=\/wp\/v2\/posts\/197295\/revisions\/197297"}],"wp:featuredmedia":[{"embeddable":true,"href":"https:\/\/elluchador.info\/index.php?rest_route=\/wp\/v2\/media\/197296"}],"wp:attachment":[{"href":"https:\/\/elluchador.info\/index.php?rest_route=%2Fwp%2Fv2%2Fmedia&parent=197295"}],"wp:term":[{"taxonomy":"category","embeddable":true,"href":"https:\/\/elluchador.info\/index.php?rest_route=%2Fwp%2Fv2%2Fcategories&post=197295"},{"taxonomy":"post_tag","embeddable":true,"href":"https:\/\/elluchador.info\/index.php?rest_route=%2Fwp%2Fv2%2Ftags&post=197295"}],"curies":[{"name":"wp","href":"https:\/\/api.w.org\/{rel}","templated":true}]}}