{"id":197298,"date":"2021-08-20T14:24:33","date_gmt":"2021-08-20T18:24:33","guid":{"rendered":"https:\/\/elluchador.info\/web\/?p=197298"},"modified":"2021-08-20T14:24:35","modified_gmt":"2021-08-20T18:24:35","slug":"se-proclamo-a-la-nueva-junta-directiva-de-la-camara-de-comercio-e-industrias-del-municipio-caroni","status":"publish","type":"post","link":"https:\/\/elluchador.info\/?p=197298","title":{"rendered":"Se proclam\u00f3 a la nueva Junta Directiva de la C\u00e1mara de Comercio e Industrias del municipio Caron\u00ed"},"content":{"rendered":"\n<p><br>El 19 de agosto se proclam\u00f3 el Comit\u00e9 Ejecutivo, Los Directores, el Comit\u00e9 de \u00c9tica, el Comisario y el Asesor Jur\u00eddico de la C\u00e1mara de Comercio e Industrias del municipio Caron\u00ed (Camcaron\u00ed) para el periodo 2021-2023.<br>La comisi\u00f3n electoral presidida por Franklin Fern\u00e1ndez, y con Teodoro Dabed como secretario, verific\u00f3 que todos los requisitos se hubiesen cumplido para el nombramiento, por aclamaci\u00f3n, de Catherine Wilson como presidenta de la c\u00e1mara, Camilo London, como primer vicepresidente; Ra\u00fal Gil, como segundo vicepresidente; Joaqu\u00edn Pierluissi como tercer vicepresidente; Zurimar Guti\u00e9rrez, como vicepresidenta de finanzas; Nelly Arria como primer director ejecutivo; y Fidel Hern\u00e1ndez como segundo director ejecutivo.<br>En el Comit\u00e9 de \u00c9tica, est\u00e1n: Nancy G\u00f3mez, Adriana Mart\u00ednez, Solangel Oliveros, como Principales; Delfina Mora, Alberto Pacheco, Luis Carlos Mu\u00f1oz, como Suplentes; Antonio Jos\u00e9 Herrera, como Comisario, Marlyn Torres, como Comisario Suplente; y Rafael Giordano, como Asesor Jur\u00eddico.<br>Adem\u00e1s, la c\u00e1mara cuenta con 18 directores en este periodo, que representan diferentes sectores de la econom\u00eda regional.<br>Catherine Wilson es la primera mujer y la persona m\u00e1s joven en ocupar la presidencia, en los 68 a\u00f1os de historia que tiene la c\u00e1mara. Tras casi 10 a\u00f1os de actividad en los gremios, dice que su objetivo siempre fue dar lo mejor de ella, y en todo este tiempo su m\u00e1s grande aprendizaje fue la importancia de servir.<br>\u201cEs un reto grande, como todo en este pa\u00eds. Tenemos muchas cosas en contra, pero tenemos algo en com\u00fan y es que queremos remar todos en la misma direcci\u00f3n, hacia esa Venezuela que est\u00e1 por venir. Esperamos lograr cosas grandes a pasos agigantados, y que la gente vea que unidos podemos hacer muchas m\u00e1s. En esta instituci\u00f3n uno es para sus afiliados, y para la ciudad\u201d.<br>La gesti\u00f3n de Wilson tiene cuatro pilares:<br>La ejecuci\u00f3n de los proyectos de construcci\u00f3n para la culminaci\u00f3n del Sal\u00f3n de Usos M\u00faltiples, de la Sala del Comit\u00e9 Ejecutivo y la construcci\u00f3n del \u00c1rea Rentable de Camcaron\u00ed.<br>El desarrollo de actividades de formaci\u00f3n al empresario y emprendedor, especialmente de Ciudad Guayana, por medio del Centro de Desarrollo<br>Empresarial de Camcaron\u00ed.<br>La promoci\u00f3n de la productividad y Gesti\u00f3n Empresarial Sostenible, a trav\u00e9s de Ruedas de Negocios.<br>Fomentar actividades sociales de apoyo comunitario, en el marco de la responsabilidad social empresarial, a trav\u00e9s de el brazo social de Camcaron\u00ed: la Fundaci\u00f3n Humanidad Empresarial.<\/p>\n","protected":false},"excerpt":{"rendered":"<p>El 19 de agosto se proclam\u00f3 el Comit\u00e9 Ejecutivo, Los Directores, el Comit\u00e9 de \u00c9tica, el Comisario y el Asesor Jur\u00eddico de la C\u00e1mara de Comercio e Industrias del municipio Caron\u00ed (Camcaron\u00ed) para el periodo 2021-2023.La comisi\u00f3n electoral presidida por Franklin Fern\u00e1ndez, y con Teodoro Dabed como secretario, verific\u00f3 que todos los requisitos se hubiesen [&hellip;]<\/p>\n","protected":false},"author":2,"featured_media":197299,"comment_status":"closed","ping_status":"closed","sticky":false,"template":"","format":"standard","meta":{"footnotes":""},"categories":[5,6,12],"tags":[],"class_list":{"0":"post-197298","1":"post","2":"type-post","3":"status-publish","4":"format-standard","5":"has-post-thumbnail","7":"category-destacado","8":"category-economia","9":"category-regionales"},"_links":{"self":[{"href":"https:\/\/elluchador.info\/index.php?rest_route=\/wp\/v2\/posts\/197298","targetHints":{"allow":["GET"]}}],"collection":[{"href":"https:\/\/elluchador.info\/index.php?rest_route=\/wp\/v2\/posts"}],"about":[{"href":"https:\/\/elluchador.info\/index.php?rest_route=\/wp\/v2\/types\/post"}],"author":[{"embeddable":true,"href":"https:\/\/elluchador.info\/index.php?rest_route=\/wp\/v2\/users\/2"}],"replies":[{"embeddable":true,"href":"https:\/\/elluchador.info\/index.php?rest_route=%2Fwp%2Fv2%2Fcomments&post=197298"}],"version-history":[{"count":1,"href":"https:\/\/elluchador.info\/index.php?rest_route=\/wp\/v2\/posts\/197298\/revisions"}],"predecessor-version":[{"id":197300,"href":"https:\/\/elluchador.info\/index.php?rest_route=\/wp\/v2\/posts\/197298\/revisions\/197300"}],"wp:featuredmedia":[{"embeddable":true,"href":"https:\/\/elluchador.info\/index.php?rest_route=\/wp\/v2\/media\/197299"}],"wp:attachment":[{"href":"https:\/\/elluchador.info\/index.php?rest_route=%2Fwp%2Fv2%2Fmedia&parent=197298"}],"wp:term":[{"taxonomy":"category","embeddable":true,"href":"https:\/\/elluchador.info\/index.php?rest_route=%2Fwp%2Fv2%2Fcategories&post=197298"},{"taxonomy":"post_tag","embeddable":true,"href":"https:\/\/elluchador.info\/index.php?rest_route=%2Fwp%2Fv2%2Ftags&post=197298"}],"curies":[{"name":"wp","href":"https:\/\/api.w.org\/{rel}","templated":true}]}}