{"id":197316,"date":"2021-08-21T11:33:23","date_gmt":"2021-08-21T15:33:23","guid":{"rendered":"https:\/\/elluchador.info\/web\/?p=197316"},"modified":"2021-08-21T11:33:26","modified_gmt":"2021-08-21T15:33:26","slug":"afganos-ansian-ser-evacuados-por-ee-uu","status":"publish","type":"post","link":"https:\/\/elluchador.info\/?p=197316","title":{"rendered":"Afganos ans\u00edan ser evacuados por EE. UU."},"content":{"rendered":"\n<p>Se est\u00e1 agotando el tiempo antes del plazo del 31 de agosto fijado por el\u00a0presidente estadounidense Joe Biden\u00a0para sacar de Afganist\u00e1n a todas las tropas, y el viernes el mandatario no dio indicio alguno de estar pensando en prorrogarla.<\/p>\n\n\n\n<p>Decenas de miles de personas aguardan nerviosamente en Afganist\u00e1n para ver si Estados Unidos cumple su promesa de sacar de all\u00ed a sus ciudadanos y a los afganos que colaboraron con ellos.<\/p>\n\n\n\n<p>La tensi\u00f3n va en aumento mientras helic\u00f3pteros recog\u00edan a personas en diversas localidades lejos del aeropuerto de Kabul, donde trascendieron ca\u00f3ticas escenas de evacuaciones y donde los talibanes han erigido puestos de control vial.<\/p>\n\n\n\n<p>Biden ha sido criticado a la luz de las escenas de caos y ocasional violencia en las afueras del aeropuerto, y en momentos en que numerosos afganos vulnerables temen que los talibanes, ahora en el poder, buscar\u00e1n tomar venganza.<\/p>\n\n\n\n<p>Bahr\u00e9in anunci\u00f3 el s\u00e1bado que permitir\u00e1 que sus instalaciones de transporte sean usadas para las evacuaciones, ante reportes de que una base a\u00e9rea estadounidense en Qatar ya est\u00e1 saturada de refugiados. Los retrasos causaron una interrupci\u00f3n de varias horas en los vuelos de salida desde el aeropuerto de Kabul.<\/p>\n\n\n\n<p>Entretanto los Emiratos \u00c1rabes Unidos anunciaron que recibir\u00e1n a un m\u00e1ximo de 5.000 afganos \u201cprevio a su partida a otros pa\u00edses\u201d.<\/p>\n\n\n\n<p>Decenas de miles de int\u00e9rpretes afganos y otros funcionarios, junto con sus familias, aguardan ser evacuados del pa\u00eds tras la s\u00fabita ofensiva con que el Talib\u00e1n se adue\u00f1\u00f3 del poder. La ca\u00edda de Kabul marc\u00f3 el final de la guerra iniciada con la invasi\u00f3n estadounidense, que fue en respuesta a los ataques de septiembre del 2001, tramados por el grupo terrorista al-Qaida desde suelo afgano.<\/p>\n\n\n\n<p>El viernes, un funcionario militar inform\u00f3 que unas 5.700 personas, entre ellas unos 250 estadounidenses, fueron sacados de Kabul en 16 aviones de transporte C-17, bajo escolta de la presencia militar norteamericana que sigue temporalmente en el pa\u00eds y que pronto ascender\u00e1 a 6.000 efectivos. Los dos d\u00edas previos, unas 2.000 personas fueron evacuadas cada d\u00eda.<\/p>\n\n\n\n<p>Las autoridades adem\u00e1s confirmaron que helic\u00f3pteros estadounidenses salieron del aeropuerto de Kabul para recoger 169 estadounidenses que buscaban ser evacuados. No se sabe con seguridad cu\u00e1ntos norteamericanos siguen en Afganist\u00e1n, pero hay quienes dicen que suman unos 15.000.<\/p>\n\n\n\n<p>Hasta ahora, 13 pa\u00edses han accedido a hospedar a los afganos vulnerables, al menos temporalmente, seg\u00fan el secretario de Estado Antony Blinken. Otros 12 han accedido a servir de punto de tr\u00e1nsito. Unos 300 evacuados llegaron la noche del viernes desde Qatar en la Base A\u00e9rea estadounidense de Ramstein en Alemania, uno de los puntos de tr\u00e1nsito para quienes est\u00e1n siendo trasladados a Estados Unidos, indicaron fuentes militares.<\/p>\n\n\n\n<p>Pero la gran pregunta para muchos de los afganos que quedan en su pa\u00eds es, \u00bfd\u00f3nde terminar\u00e1n viviendo? Desde ya, pa\u00edses europeos que temen una repetici\u00f3n de la crisis migratoria del 2015 han indicado que los afganos que no ayudaron a los militares extranjeros deben ser ubicados en pa\u00edses vecinos. Las escenas en que individuos desesperados se aferraron a aviones en pleno despegue han incrementado las ansiedades de los europeos.<\/p>\n\n\n\n<p>El Impulso<\/p>\n","protected":false},"excerpt":{"rendered":"<p>Se est\u00e1 agotando el tiempo antes del plazo del 31 de agosto fijado por el\u00a0presidente estadounidense Joe Biden\u00a0para sacar de Afganist\u00e1n a todas las tropas, y el viernes el mandatario no dio indicio alguno de estar pensando en prorrogarla. Decenas de miles de personas aguardan nerviosamente en Afganist\u00e1n para ver si Estados Unidos cumple su [&hellip;]<\/p>\n","protected":false},"author":2,"featured_media":197317,"comment_status":"closed","ping_status":"closed","sticky":false,"template":"","format":"standard","meta":{"footnotes":""},"categories":[8],"tags":[],"class_list":{"0":"post-197316","1":"post","2":"type-post","3":"status-publish","4":"format-standard","5":"has-post-thumbnail","7":"category-internacionales"},"_links":{"self":[{"href":"https:\/\/elluchador.info\/index.php?rest_route=\/wp\/v2\/posts\/197316","targetHints":{"allow":["GET"]}}],"collection":[{"href":"https:\/\/elluchador.info\/index.php?rest_route=\/wp\/v2\/posts"}],"about":[{"href":"https:\/\/elluchador.info\/index.php?rest_route=\/wp\/v2\/types\/post"}],"author":[{"embeddable":true,"href":"https:\/\/elluchador.info\/index.php?rest_route=\/wp\/v2\/users\/2"}],"replies":[{"embeddable":true,"href":"https:\/\/elluchador.info\/index.php?rest_route=%2Fwp%2Fv2%2Fcomments&post=197316"}],"version-history":[{"count":1,"href":"https:\/\/elluchador.info\/index.php?rest_route=\/wp\/v2\/posts\/197316\/revisions"}],"predecessor-version":[{"id":197318,"href":"https:\/\/elluchador.info\/index.php?rest_route=\/wp\/v2\/posts\/197316\/revisions\/197318"}],"wp:featuredmedia":[{"embeddable":true,"href":"https:\/\/elluchador.info\/index.php?rest_route=\/wp\/v2\/media\/197317"}],"wp:attachment":[{"href":"https:\/\/elluchador.info\/index.php?rest_route=%2Fwp%2Fv2%2Fmedia&parent=197316"}],"wp:term":[{"taxonomy":"category","embeddable":true,"href":"https:\/\/elluchador.info\/index.php?rest_route=%2Fwp%2Fv2%2Fcategories&post=197316"},{"taxonomy":"post_tag","embeddable":true,"href":"https:\/\/elluchador.info\/index.php?rest_route=%2Fwp%2Fv2%2Ftags&post=197316"}],"curies":[{"name":"wp","href":"https:\/\/api.w.org\/{rel}","templated":true}]}}