{"id":197319,"date":"2021-08-21T11:38:19","date_gmt":"2021-08-21T15:38:19","guid":{"rendered":"https:\/\/elluchador.info\/web\/?p=197319"},"modified":"2021-08-21T11:38:21","modified_gmt":"2021-08-21T15:38:21","slug":"guaido-habla-sobre-negociacion-en-mexico","status":"publish","type":"post","link":"https:\/\/elluchador.info\/?p=197319","title":{"rendered":"Guaid\u00f3 habla sobre negociaci\u00f3n en M\u00e9xico"},"content":{"rendered":"\n<p>Al ser consultado sobre la existencia de alg\u00fan tipo de reconocimiento hacia Nicol\u00e1s Maduro, al haber suscrito el memorando de entendimiento, dijo que \u00abes importante decir que a efectos de ese proceso, ah\u00ed hay un reconocimiento de dos partes designadas como tal, de cara a una negociaci\u00f3n y al logro de un acuerdo que insisto es el objetivo de los venezolanos. Lograr elecciones libres y justas que incluya las presidenciales, garant\u00edas pol\u00edticas, la atenci\u00f3n de la emergencia humanitaria, salir de la crisis en definitiva\u00bb.<\/p>\n\n\n\n<p>\u00abEntendemos que la contraparte es una dictadura\u00bb, fue la afirmaci\u00f3n del presidente interino, Juan Guaid\u00f3, al referirse al\u00a0proceso de negociaci\u00f3n que se desarrolla en M\u00e9xico, entre representantes de los factores democr\u00e1ticos y la administraci\u00f3n de Nicol\u00e1s Maduro.<\/p>\n\n\n\n<p>\u201cEstamos conscientes de a qui\u00e9n nos enfrentamos, no vamos con ning\u00fan tipo de inocencia y entendemos que la contraparte es una dictadura\u201d, declar\u00f3 Guaid\u00f3 durante una entrevista para el programa La Tarde de NTN24.<\/p>\n\n\n\n<p>\u00abEs un proceso de negociaci\u00f3n que inicia en la Ciudad de M\u00e9xico y est\u00e1n definidas las partes, la dictadura es una de las partes en ese proceso\u00bb, acot\u00f3.<\/p>\n\n\n\n<p>En este sentido, asegur\u00f3 que los objetivos del Gobierno Interino est\u00e1n definidos.<\/p>\n\n\n\n<p>\u00abDemocracia y libertad para Venezuela\u00bb, concluy\u00f3.<\/p>\n\n\n\n<p>El Impulso <\/p>\n","protected":false},"excerpt":{"rendered":"<p>Al ser consultado sobre la existencia de alg\u00fan tipo de reconocimiento hacia Nicol\u00e1s Maduro, al haber suscrito el memorando de entendimiento, dijo que \u00abes importante decir que a efectos de ese proceso, ah\u00ed hay un reconocimiento de dos partes designadas como tal, de cara a una negociaci\u00f3n y al logro de un acuerdo que insisto [&hellip;]<\/p>\n","protected":false},"author":2,"featured_media":195468,"comment_status":"closed","ping_status":"closed","sticky":false,"template":"","format":"standard","meta":{"footnotes":""},"categories":[5,11],"tags":[],"class_list":{"0":"post-197319","1":"post","2":"type-post","3":"status-publish","4":"format-standard","5":"has-post-thumbnail","7":"category-destacado","8":"category-politica"},"_links":{"self":[{"href":"https:\/\/elluchador.info\/index.php?rest_route=\/wp\/v2\/posts\/197319","targetHints":{"allow":["GET"]}}],"collection":[{"href":"https:\/\/elluchador.info\/index.php?rest_route=\/wp\/v2\/posts"}],"about":[{"href":"https:\/\/elluchador.info\/index.php?rest_route=\/wp\/v2\/types\/post"}],"author":[{"embeddable":true,"href":"https:\/\/elluchador.info\/index.php?rest_route=\/wp\/v2\/users\/2"}],"replies":[{"embeddable":true,"href":"https:\/\/elluchador.info\/index.php?rest_route=%2Fwp%2Fv2%2Fcomments&post=197319"}],"version-history":[{"count":1,"href":"https:\/\/elluchador.info\/index.php?rest_route=\/wp\/v2\/posts\/197319\/revisions"}],"predecessor-version":[{"id":197320,"href":"https:\/\/elluchador.info\/index.php?rest_route=\/wp\/v2\/posts\/197319\/revisions\/197320"}],"wp:featuredmedia":[{"embeddable":true,"href":"https:\/\/elluchador.info\/index.php?rest_route=\/wp\/v2\/media\/195468"}],"wp:attachment":[{"href":"https:\/\/elluchador.info\/index.php?rest_route=%2Fwp%2Fv2%2Fmedia&parent=197319"}],"wp:term":[{"taxonomy":"category","embeddable":true,"href":"https:\/\/elluchador.info\/index.php?rest_route=%2Fwp%2Fv2%2Fcategories&post=197319"},{"taxonomy":"post_tag","embeddable":true,"href":"https:\/\/elluchador.info\/index.php?rest_route=%2Fwp%2Fv2%2Ftags&post=197319"}],"curies":[{"name":"wp","href":"https:\/\/api.w.org\/{rel}","templated":true}]}}