{"id":197327,"date":"2021-08-21T12:13:04","date_gmt":"2021-08-21T16:13:04","guid":{"rendered":"https:\/\/elluchador.info\/web\/?p=197327"},"modified":"2021-08-21T12:13:08","modified_gmt":"2021-08-21T16:13:08","slug":"areas-del-parque-la-llovizna-son-cerradas-por-crecida-de-los-rios-orinoco-y-caroni","status":"publish","type":"post","link":"https:\/\/elluchador.info\/?p=197327","title":{"rendered":"\u00c1reas del Parque La Llovizna son cerradas por crecida de los r\u00edos Orinoco y Caron\u00ed"},"content":{"rendered":"\n<p>\u201cEn total estimamos un 30% de los espacios afectados, de acuerdo a la evaluaci\u00f3n hecha por equipos del Ministerio de Ecosocialismo y la secretar\u00eda de ambiente regional\u201d, manifest\u00f3 Gasc\u00f3n.<\/p>\n\n\n\n<p>El Mirador Principal, la carrera 5k y los miradores 1, 2, 4 y 4 del Parque La Llovizna fueron restringidas&nbsp; y acordonadas, inform\u00f3 Jessiel Gasc\u00f3n, secretario de Ambiente de la Gobernaci\u00f3n del estado Bol\u00edvar.<\/p>\n\n\n\n<p>El vocero oficial explic\u00f3 a trav\u00e9s de las redes sociales que esta decisi\u00f3n se tom\u00f3 para evitar accidentes debido a las afectaciones que ha sufrido el Parque por la crecida del r\u00edo Caron\u00ed y Orinoco.<\/p>\n\n\n\n<p>En tal sentido, Gasc\u00f3n exhort\u00f3 a los visitantes del parque que tomen todas las medidas de seguridad y respeten las \u00e1reas marcadas con cinta amarilla.<\/p>\n\n\n\n<p>\u201cDe seguir la crecida inminente pronosticada, en las pr\u00f3ximas horas pudi\u00e9ramos estar anunciado el cierre del Parque\u201d, advirti\u00f3.\u00a0<\/p>\n\n\n\n<p>EDG<\/p>\n\n\n\n<p><\/p>\n\n\n\n<p><\/p>\n\n\n\n<p><\/p>\n\n\n\n<p><\/p>\n","protected":false},"excerpt":{"rendered":"<p>\u201cEn total estimamos un 30% de los espacios afectados, de acuerdo a la evaluaci\u00f3n hecha por equipos del Ministerio de Ecosocialismo y la secretar\u00eda de ambiente regional\u201d, manifest\u00f3 Gasc\u00f3n. El Mirador Principal, la carrera 5k y los miradores 1, 2, 4 y 4 del Parque La Llovizna fueron restringidas&nbsp; y acordonadas, inform\u00f3 Jessiel Gasc\u00f3n, secretario [&hellip;]<\/p>\n","protected":false},"author":2,"featured_media":143676,"comment_status":"closed","ping_status":"closed","sticky":false,"template":"","format":"standard","meta":{"footnotes":""},"categories":[5,12],"tags":[],"class_list":{"0":"post-197327","1":"post","2":"type-post","3":"status-publish","4":"format-standard","5":"has-post-thumbnail","7":"category-destacado","8":"category-regionales"},"_links":{"self":[{"href":"https:\/\/elluchador.info\/index.php?rest_route=\/wp\/v2\/posts\/197327","targetHints":{"allow":["GET"]}}],"collection":[{"href":"https:\/\/elluchador.info\/index.php?rest_route=\/wp\/v2\/posts"}],"about":[{"href":"https:\/\/elluchador.info\/index.php?rest_route=\/wp\/v2\/types\/post"}],"author":[{"embeddable":true,"href":"https:\/\/elluchador.info\/index.php?rest_route=\/wp\/v2\/users\/2"}],"replies":[{"embeddable":true,"href":"https:\/\/elluchador.info\/index.php?rest_route=%2Fwp%2Fv2%2Fcomments&post=197327"}],"version-history":[{"count":1,"href":"https:\/\/elluchador.info\/index.php?rest_route=\/wp\/v2\/posts\/197327\/revisions"}],"predecessor-version":[{"id":197328,"href":"https:\/\/elluchador.info\/index.php?rest_route=\/wp\/v2\/posts\/197327\/revisions\/197328"}],"wp:featuredmedia":[{"embeddable":true,"href":"https:\/\/elluchador.info\/index.php?rest_route=\/wp\/v2\/media\/143676"}],"wp:attachment":[{"href":"https:\/\/elluchador.info\/index.php?rest_route=%2Fwp%2Fv2%2Fmedia&parent=197327"}],"wp:term":[{"taxonomy":"category","embeddable":true,"href":"https:\/\/elluchador.info\/index.php?rest_route=%2Fwp%2Fv2%2Fcategories&post=197327"},{"taxonomy":"post_tag","embeddable":true,"href":"https:\/\/elluchador.info\/index.php?rest_route=%2Fwp%2Fv2%2Ftags&post=197327"}],"curies":[{"name":"wp","href":"https:\/\/api.w.org\/{rel}","templated":true}]}}