{"id":197333,"date":"2021-08-22T12:27:19","date_gmt":"2021-08-22T16:27:19","guid":{"rendered":"https:\/\/elluchador.info\/web\/?p=197333"},"modified":"2021-08-22T12:27:20","modified_gmt":"2021-08-22T16:27:20","slug":"en-ciudad-bolivar-se-realizo-la-consulta-publica-sobre-el-proyecto-de-la-reforma-a-ley-contra-la-corrupcion","status":"publish","type":"post","link":"https:\/\/elluchador.info\/?p=197333","title":{"rendered":"En Ciudad Bol\u00edvar se realiz\u00f3 la consulta p\u00fablica sobre el proyecto de la reforma a \u00abLey contra la Corrupci\u00f3n\u00bb"},"content":{"rendered":"\n<p><strong>\u00a0<\/strong>El pasado fin de semana, bajo un ambiente de hermandad e institucionalidad se realiz\u00f3 la consulta p\u00fablica sobre el proyecto de la reforma parcial con rango y valor de la Ley contra la Corrupci\u00f3n en Ciudad Bol\u00edvar.<\/p>\n\n\n\n<p>La misma fue encabezada por el diputado a la Asamblea Nacional y presidente de la Comisi\u00f3n de Controlar\u00eda, Alexis Rodr\u00edguez Cabello; quien acompa\u00f1ado por un equipo multidisciplinario y en articulaci\u00f3n con la municipalidad; efectuaron las consultas a las instituciones hermanas; as\u00ed como al Poder Popular.<\/p>\n\n\n\n<p>El diputado a la Asamblea Nacional coment\u00f3 que desde la llegada de la revoluci\u00f3n las leyes ya no se debaten en salones u oficinas; ahora es con el pueblo, lo que demuestra una verdadera uni\u00f3n y participaci\u00f3n protag\u00f3nica de las instituciones y comunidades.<\/p>\n\n\n\n<p>Explic\u00f3 que la primera actividad se llev\u00f3 con las autoridades de las Contralor\u00eda Regional del estado Bol\u00edvar a cargo de Juan Carlos Lunes, su equipo de trabajo; Contralor\u00eda Municipal, a cargo de Leida Gonz\u00e1lez; la s\u00edndico municipal, Maribel Su\u00e1rez, el presidente de la C\u00e1mara Municipal, Carlos Rodr\u00edguez; as\u00ed como personal de la alcald\u00eda Angostura del Orinoco, quienes han demostrado siempre estar a la vanguardia de las tareas asignadas por este proceso lleno de inclusi\u00f3n y justicia social.<\/p>\n\n\n\n<p>En este sentido, el contralor del estado Bol\u00edvar, Juan Carlos Luna resalt\u00f3 la importancia de participar en la consulta p\u00fablica, donde cada persona brind\u00f3 su punto de vista y de esta manera construir una herramienta mejorada que permita seguir fortaleciendo la patria grande.<\/p>\n\n\n\n<p><strong>Poder Popular presente<\/strong><\/p>\n\n\n\n<p>Asimismo, el diputado de la Asamblea Nacional, Alexis Rodr\u00edguez Cabello se dirigi\u00f3 hasta la parroquia invicta Jos\u00e9 Antonio donde efectuaron varias mesas de trabajo con el Poder Popular y la RAAS para debatir sobre el proyecto de esta reforma de la Ley.<\/p>\n\n\n\n<p>El legislador fue recibido por el equipo pol\u00edtico de la parroquia; as\u00ed como las concejales Ingrid P\u00e9rez y Lizzer Zamora, quienes le explicaron como la parroquia ha sido punta de lanza en cada actividad o tarea emprendida por la revoluci\u00f3n; demostrando que Ciudad Bol\u00edvar es territorio leal al proceso social.<\/p>\n\n\n\n<p>P\u00e9rez le indic\u00f3 que se conformaron varias mesas de trabajo y de esta manera leer el proyecto, dar sus aportes que permitan seguir construyendo el proceso social y la Patria que todos queremos.<\/p>\n\n\n\n<p>Dijo adem\u00e1s que all\u00ed estaban los l\u00edderes de calles, jefes de UBCH, integrantes de las misiones y grandes misiones; as\u00ed como la RAAS del punto y circulo.<\/p>\n\n\n\n<p>En este sentido, el diputado Alexis Rodr\u00edguez Cabello aplaudi\u00f3 el nivel de compromiso de cada sector e indic\u00f3 que se llevaba buenas propuestas que ser\u00e1n incorporadas a la reforma, porque nosotros debemos escuchar las bases; eso es ser revolucionario.<\/p>\n\n\n\n<p><strong>\u00a0(Prensa Alcald\u00eda A\/O).-<\/strong><\/p>\n","protected":false},"excerpt":{"rendered":"<p>\u00a0El pasado fin de semana, bajo un ambiente de hermandad e institucionalidad se realiz\u00f3 la consulta p\u00fablica sobre el proyecto de la reforma parcial con rango y valor de la Ley contra la Corrupci\u00f3n en Ciudad Bol\u00edvar. La misma fue encabezada por el diputado a la Asamblea Nacional y presidente de la Comisi\u00f3n de Controlar\u00eda, [&hellip;]<\/p>\n","protected":false},"author":2,"featured_media":197334,"comment_status":"closed","ping_status":"closed","sticky":false,"template":"","format":"standard","meta":{"footnotes":""},"categories":[5,12],"tags":[],"class_list":{"0":"post-197333","1":"post","2":"type-post","3":"status-publish","4":"format-standard","5":"has-post-thumbnail","7":"category-destacado","8":"category-regionales"},"_links":{"self":[{"href":"https:\/\/elluchador.info\/index.php?rest_route=\/wp\/v2\/posts\/197333","targetHints":{"allow":["GET"]}}],"collection":[{"href":"https:\/\/elluchador.info\/index.php?rest_route=\/wp\/v2\/posts"}],"about":[{"href":"https:\/\/elluchador.info\/index.php?rest_route=\/wp\/v2\/types\/post"}],"author":[{"embeddable":true,"href":"https:\/\/elluchador.info\/index.php?rest_route=\/wp\/v2\/users\/2"}],"replies":[{"embeddable":true,"href":"https:\/\/elluchador.info\/index.php?rest_route=%2Fwp%2Fv2%2Fcomments&post=197333"}],"version-history":[{"count":1,"href":"https:\/\/elluchador.info\/index.php?rest_route=\/wp\/v2\/posts\/197333\/revisions"}],"predecessor-version":[{"id":197335,"href":"https:\/\/elluchador.info\/index.php?rest_route=\/wp\/v2\/posts\/197333\/revisions\/197335"}],"wp:featuredmedia":[{"embeddable":true,"href":"https:\/\/elluchador.info\/index.php?rest_route=\/wp\/v2\/media\/197334"}],"wp:attachment":[{"href":"https:\/\/elluchador.info\/index.php?rest_route=%2Fwp%2Fv2%2Fmedia&parent=197333"}],"wp:term":[{"taxonomy":"category","embeddable":true,"href":"https:\/\/elluchador.info\/index.php?rest_route=%2Fwp%2Fv2%2Fcategories&post=197333"},{"taxonomy":"post_tag","embeddable":true,"href":"https:\/\/elluchador.info\/index.php?rest_route=%2Fwp%2Fv2%2Ftags&post=197333"}],"curies":[{"name":"wp","href":"https:\/\/api.w.org\/{rel}","templated":true}]}}