{"id":197343,"date":"2021-08-22T12:41:21","date_gmt":"2021-08-22T16:41:21","guid":{"rendered":"https:\/\/elluchador.info\/web\/?p=197343"},"modified":"2021-08-22T12:41:22","modified_gmt":"2021-08-22T16:41:22","slug":"avanzan-labores-de-ayuda-a-los-afectados-por-crecida-historica-de-los-rios","status":"publish","type":"post","link":"https:\/\/elluchador.info\/?p=197343","title":{"rendered":"Avanzan labores de ayuda a los afectados por crecida hist\u00f3rica de los r\u00edos"},"content":{"rendered":"\n<p>(PrensaGoBol)-. En virtud de salvaguardar la vida del pueblo bolivarenses, el gobernador Justo Noguera Pietri, el alcalde del municipio Caron\u00ed, Tito Oviedo y el diputado a la Asamblea Nacional, \u00c1ngel Marcano en compa\u00f1\u00eda del comandante de la Zona Operativa de Defensa Integral Bol\u00edvar (ZODI-BOL\u00cdVAR), G\/D Julmer Ochoa, y la Direcci\u00f3n de Protecci\u00f3n Civil, informaron sobre la actual situaci\u00f3n ante la crecida de los r\u00edos en la entidad y las acciones que junto al Gobierno Bolivariano a cargo del Presidente Nicol\u00e1s Maduro se est\u00e1n tomando como medida de protecci\u00f3n para la poblaci\u00f3n.<\/p>\n\n\n\n<p><br>Autoridades dieron a conocer que las cuencas del r\u00edo Caron\u00ed han descargado m\u00e1s de 17mil metros c\u00fabicos por segundo, registrando niveles hist\u00f3ricos, no obstante la planificaci\u00f3n ha permitido al Gobierno Bolivariano actuar de manera preventiva.<\/p>\n\n\n\n<p><br>\u00abEsto ha permitido que el impacto no sea de manera negativa como en el 2018, gracias a la conciencia del pueblo y tambi\u00e9n a la planificaci\u00f3n\u00bb, indic\u00f3 el gobernador de la entidad Justo Noguera Pietri.\u00a0<br>Al mismo tiempo detall\u00f3 que han sido m\u00e1s de 1.200 familias que han tenido afectaci\u00f3n en distintos municipios de la entidad bolivarense, especialmente en Cede\u00f1o, Sucre, Bolivariano de Angostura, El Callao, Gran Sabana y Sifontes; adem\u00e1s del municipio Casacoima perteneciente al estado Delta Amacuro.<\/p>\n\n\n\n<p><br>Atenci\u00f3n oportuna y de calidad<br>Por su parte, el alcalde del municipio Caron\u00ed, Tito Oviedo indic\u00f3 que al estado Bol\u00edvar lleg\u00f3 un importante lote de insumos y alimentos para atender a los damnificados por causa de las lluvias e inundaciones en la entidad, procediendo a iniciar la inmediata entrega de los recursos y cubrir las necesidades de los afectados de la regi\u00f3n.<br>\u00abEntre los insumos que estamos recibiendo contamos con colchones, mosquiteros, alimentos enlatados no perecederos, agua potable, kits de aseo personal, hamacas, edredones, velas, pa\u00f1ales, almohadas y m\u00e1s de 50mil tapabocas, todo esto gracias a la coordinaci\u00f3n directa con el Presidente Nicol\u00e1s Maduro,\u00bb dijo Oviedo.<br>El Gobierno Bolivariano impulsado por el Presidente Nicol\u00e1s Maduro, a trav\u00e9s de la Gobernaci\u00f3n del estado Bol\u00edvar, ha mantenido la atenci\u00f3n constante a las familias afectadas.<\/p>\n\n\n\n<p><br>\u00abHemos ido a cada uno de los rincones de nuestro estado Bol\u00edvar, no dejaremos de brindar la ayuda que el pueblo necesita. A Dios gracias, no hay ni un solo fallecido porque hemos salvaguardado la vida humana\u00bb, puntualiz\u00f3 Tito Oviedo.<\/p>\n\n\n\n<p><br>Adem\u00e1s el alcalde del municipio Caron\u00ed felicit\u00f3 a toda la uni\u00f3n c\u00edvico militar , as\u00ed como los cuerpos de seguridad, a protecci\u00f3n civil, por la adecuada actuaci\u00f3n que han tenido en esta contigencia\u00a0Autoridades\u00a0 reiteraron\u00a0 el llamado a la conciencia del pueblo a mantener las medidas de bioseguridad ante el Covid-19.\u00bbNo dejemos de atender el tema del Covid-19 porque esto no ha pasado todav\u00eda, hemos llegado a niveles \u00f3ptimos de condici\u00f3n; no obstante, hay algunos brotes, un punto importante que debemos tener en cuenta\u00bb reafirm\u00f3 el alcalde del municipio Caron\u00ed, Tito Oviedo.<\/p>\n\n\n\n<p>PrensaGoBol<\/p>\n","protected":false},"excerpt":{"rendered":"<p>(PrensaGoBol)-. En virtud de salvaguardar la vida del pueblo bolivarenses, el gobernador Justo Noguera Pietri, el alcalde del municipio Caron\u00ed, Tito Oviedo y el diputado a la Asamblea Nacional, \u00c1ngel Marcano en compa\u00f1\u00eda del comandante de la Zona Operativa de Defensa Integral Bol\u00edvar (ZODI-BOL\u00cdVAR), G\/D Julmer Ochoa, y la Direcci\u00f3n de Protecci\u00f3n Civil, informaron sobre [&hellip;]<\/p>\n","protected":false},"author":2,"featured_media":197344,"comment_status":"closed","ping_status":"closed","sticky":false,"template":"","format":"standard","meta":{"footnotes":""},"categories":[5,12],"tags":[],"class_list":{"0":"post-197343","1":"post","2":"type-post","3":"status-publish","4":"format-standard","5":"has-post-thumbnail","7":"category-destacado","8":"category-regionales"},"_links":{"self":[{"href":"https:\/\/elluchador.info\/index.php?rest_route=\/wp\/v2\/posts\/197343","targetHints":{"allow":["GET"]}}],"collection":[{"href":"https:\/\/elluchador.info\/index.php?rest_route=\/wp\/v2\/posts"}],"about":[{"href":"https:\/\/elluchador.info\/index.php?rest_route=\/wp\/v2\/types\/post"}],"author":[{"embeddable":true,"href":"https:\/\/elluchador.info\/index.php?rest_route=\/wp\/v2\/users\/2"}],"replies":[{"embeddable":true,"href":"https:\/\/elluchador.info\/index.php?rest_route=%2Fwp%2Fv2%2Fcomments&post=197343"}],"version-history":[{"count":1,"href":"https:\/\/elluchador.info\/index.php?rest_route=\/wp\/v2\/posts\/197343\/revisions"}],"predecessor-version":[{"id":197345,"href":"https:\/\/elluchador.info\/index.php?rest_route=\/wp\/v2\/posts\/197343\/revisions\/197345"}],"wp:featuredmedia":[{"embeddable":true,"href":"https:\/\/elluchador.info\/index.php?rest_route=\/wp\/v2\/media\/197344"}],"wp:attachment":[{"href":"https:\/\/elluchador.info\/index.php?rest_route=%2Fwp%2Fv2%2Fmedia&parent=197343"}],"wp:term":[{"taxonomy":"category","embeddable":true,"href":"https:\/\/elluchador.info\/index.php?rest_route=%2Fwp%2Fv2%2Fcategories&post=197343"},{"taxonomy":"post_tag","embeddable":true,"href":"https:\/\/elluchador.info\/index.php?rest_route=%2Fwp%2Fv2%2Ftags&post=197343"}],"curies":[{"name":"wp","href":"https:\/\/api.w.org\/{rel}","templated":true}]}}