{"id":197375,"date":"2021-08-23T01:41:00","date_gmt":"2021-08-23T05:41:00","guid":{"rendered":"https:\/\/elluchador.info\/web\/?p=197375"},"modified":"2021-08-23T01:41:02","modified_gmt":"2021-08-23T05:41:02","slug":"venezuela-entra-en-cuarentena-radical-desde-este-lunes-para-frenar-avance-del-covid-19","status":"publish","type":"post","link":"https:\/\/elluchador.info\/?p=197375","title":{"rendered":"Venezuela entra en \u00abcuarentena radical\u00bb desde este lunes para frenar avance del Covid-19"},"content":{"rendered":"\n<p>La vicepresidenta de Venezuela, Delcy Rodr\u00edguez, confirm\u00f3 durante la madrugada que el pa\u00eds entra en \u00abcuarentena radical\u00bb desde este lunes 23 hasta el domingo 29 de agosto.<\/p>\n\n\n\n<p>La medida forma parte del esquema 7+7 implementado por el Ejecutivo, para frenar el avance del Covid-19 en el pa\u00eds.<\/p>\n\n\n\n<p>Venezuela report\u00f3 ya los primeros casos de la variante Delta. Al menos uno fue detectado en la parroquia Caricuao de Caracas.<\/p>\n\n\n\n<p>Durante esta semana, se suspende toda la actividad bancaria, as\u00ed como en organismos p\u00fablicos. No obstante, algunos entes como el Saime, continuar\u00e1n trabajando.<\/p>\n\n\n\n<p>De igual forma, se restringe toda la actividad comercial, y se autoriza \u00fanicamente a laborar a los sectores priorizados: Alimentaci\u00f3n, salud, seguridad y transporte.<\/p>\n\n\n\n<p>Sin embargo, en los \u00faltimos meses durante las semanas de cuarentena, ha sido notoria la continuidad de la actividad comercial de forma normal en gran parte del pa\u00eds.<\/p>\n\n\n\n<figure class=\"wp-block-embed is-type-rich is-provider-twitter wp-block-embed-twitter\"><div class=\"wp-block-embed__wrapper\">\n<blockquote class=\"twitter-tweet\" data-width=\"550\" data-dnt=\"true\"><p lang=\"es\" dir=\"ltr\">5\/5 Como lo anunci\u00f3 el Pdte. <a href=\"https:\/\/twitter.com\/NicolasMaduro?ref_src=twsrc%5Etfw\">@NicolasMaduro<\/a>, desde este <a href=\"https:\/\/twitter.com\/hashtag\/23Ago?src=hash&amp;ref_src=twsrc%5Etfw\">#23Ago<\/a> hasta el domingo <a href=\"https:\/\/twitter.com\/hashtag\/29Ago?src=hash&amp;ref_src=twsrc%5Etfw\">#29Ago<\/a>, Venezuela entra en semana de cuarentena. \u00a1No podemos dejar de cumplir con las medidas de prevenci\u00f3n y cuidados ante la variante Delta que ya se encuentra en el pa\u00eds. \u00a1A cuidarnos tod@s! <a href=\"https:\/\/t.co\/W3wShv2MTk\">pic.twitter.com\/W3wShv2MTk<\/a><\/p>&mdash; Delcy Rodr\u00edguez (@delcyrodriguezv) <a href=\"https:\/\/twitter.com\/delcyrodriguezv\/status\/1429663217484185600?ref_src=twsrc%5Etfw\">August 23, 2021<\/a><\/blockquote><script async src=\"https:\/\/platform.twitter.com\/widgets.js\" charset=\"utf-8\"><\/script>\n<\/div><\/figure>\n\n\n\n<p><strong>WTC Radio<\/strong><\/p>\n","protected":false},"excerpt":{"rendered":"<p>La vicepresidenta de Venezuela, Delcy Rodr\u00edguez, confirm\u00f3 durante la madrugada que el pa\u00eds entra en \u00abcuarentena radical\u00bb desde este lunes 23 hasta el domingo 29 de agosto. La medida forma parte del esquema 7+7 implementado por el Ejecutivo, para frenar el avance del Covid-19 en el pa\u00eds. Venezuela report\u00f3 ya los primeros casos de la [&hellip;]<\/p>\n","protected":false},"author":2,"featured_media":196814,"comment_status":"closed","ping_status":"closed","sticky":false,"template":"","format":"standard","meta":{"footnotes":""},"categories":[5,9],"tags":[],"class_list":{"0":"post-197375","1":"post","2":"type-post","3":"status-publish","4":"format-standard","5":"has-post-thumbnail","7":"category-destacado","8":"category-nacionales"},"_links":{"self":[{"href":"https:\/\/elluchador.info\/index.php?rest_route=\/wp\/v2\/posts\/197375","targetHints":{"allow":["GET"]}}],"collection":[{"href":"https:\/\/elluchador.info\/index.php?rest_route=\/wp\/v2\/posts"}],"about":[{"href":"https:\/\/elluchador.info\/index.php?rest_route=\/wp\/v2\/types\/post"}],"author":[{"embeddable":true,"href":"https:\/\/elluchador.info\/index.php?rest_route=\/wp\/v2\/users\/2"}],"replies":[{"embeddable":true,"href":"https:\/\/elluchador.info\/index.php?rest_route=%2Fwp%2Fv2%2Fcomments&post=197375"}],"version-history":[{"count":1,"href":"https:\/\/elluchador.info\/index.php?rest_route=\/wp\/v2\/posts\/197375\/revisions"}],"predecessor-version":[{"id":197376,"href":"https:\/\/elluchador.info\/index.php?rest_route=\/wp\/v2\/posts\/197375\/revisions\/197376"}],"wp:featuredmedia":[{"embeddable":true,"href":"https:\/\/elluchador.info\/index.php?rest_route=\/wp\/v2\/media\/196814"}],"wp:attachment":[{"href":"https:\/\/elluchador.info\/index.php?rest_route=%2Fwp%2Fv2%2Fmedia&parent=197375"}],"wp:term":[{"taxonomy":"category","embeddable":true,"href":"https:\/\/elluchador.info\/index.php?rest_route=%2Fwp%2Fv2%2Fcategories&post=197375"},{"taxonomy":"post_tag","embeddable":true,"href":"https:\/\/elluchador.info\/index.php?rest_route=%2Fwp%2Fv2%2Ftags&post=197375"}],"curies":[{"name":"wp","href":"https:\/\/api.w.org\/{rel}","templated":true}]}}