{"id":197382,"date":"2021-08-23T01:58:21","date_gmt":"2021-08-23T05:58:21","guid":{"rendered":"https:\/\/elluchador.info\/web\/?p=197382"},"modified":"2021-08-23T01:58:23","modified_gmt":"2021-08-23T05:58:23","slug":"saime-atendera-citas-de-pasaporte-por-primera-vez-en-semana-de-cuarentena-radical","status":"publish","type":"post","link":"https:\/\/elluchador.info\/?p=197382","title":{"rendered":"Saime atender\u00e1 citas de pasaporte por primera vez en semana de cuarentena radical"},"content":{"rendered":"\n<p>El Servicio Aut\u00f3nomo de Identificaci\u00f3n, Migraci\u00f3n y Extranjer\u00eda (Saime) atender\u00e1 esta semana, del 23 al 27 de agosto, citas programadas de pasaporte en sus oficinas de todo el pa\u00eds.<\/p>\n\n\n\n<p>Es primera vez -desde la llegada de la pandemia a Venezuela- que el organismo trabajar\u00e1 durante una semana de cuarentena radical.<\/p>\n\n\n\n<p>En su cuenta en Twitter, el organismo indic\u00f3 que la intenci\u00f3n es brindar celeridad en la expedici\u00f3n de documentos de viaje.<\/p>\n\n\n\n<figure class=\"wp-block-embed is-type-rich is-provider-twitter wp-block-embed-twitter\"><div class=\"wp-block-embed__wrapper\">\n<blockquote class=\"twitter-tweet\" data-width=\"550\" data-dnt=\"true\"><p lang=\"es\" dir=\"ltr\"><a href=\"https:\/\/twitter.com\/hashtag\/Importante?src=hash&amp;ref_src=twsrc%5Etfw\">#Importante<\/a> \ud83d\udce2\ud83d\udce2\ud83d\udce2<br><br>Informamos a todos los usuarios que a partir del LUNES 23 DE AGOSTO nuestras oficinas en el territorio nacional atender\u00e1n las citas programadas de pasaporte para brindar celeridad en la expedici\u00f3n de documentos de viaje. <a href=\"https:\/\/t.co\/VxlvzDwATi\">pic.twitter.com\/VxlvzDwATi<\/a><\/p>&mdash; VenezuelaSaime (@VenezuelaSaime) <a href=\"https:\/\/twitter.com\/VenezuelaSaime\/status\/1428859402812018702?ref_src=twsrc%5Etfw\">August 20, 2021<\/a><\/blockquote><script async src=\"https:\/\/platform.twitter.com\/widgets.js\" charset=\"utf-8\"><\/script>\n<\/div><figcaption><strong>WTC Radio<\/strong><\/figcaption><\/figure>\n","protected":false},"excerpt":{"rendered":"<p>El Servicio Aut\u00f3nomo de Identificaci\u00f3n, Migraci\u00f3n y Extranjer\u00eda (Saime) atender\u00e1 esta semana, del 23 al 27 de agosto, citas programadas de pasaporte en sus oficinas de todo el pa\u00eds. Es primera vez -desde la llegada de la pandemia a Venezuela- que el organismo trabajar\u00e1 durante una semana de cuarentena radical. En su cuenta en Twitter, [&hellip;]<\/p>\n","protected":false},"author":2,"featured_media":194060,"comment_status":"closed","ping_status":"closed","sticky":false,"template":"","format":"standard","meta":{"footnotes":""},"categories":[5,9],"tags":[],"class_list":{"0":"post-197382","1":"post","2":"type-post","3":"status-publish","4":"format-standard","5":"has-post-thumbnail","7":"category-destacado","8":"category-nacionales"},"_links":{"self":[{"href":"https:\/\/elluchador.info\/index.php?rest_route=\/wp\/v2\/posts\/197382","targetHints":{"allow":["GET"]}}],"collection":[{"href":"https:\/\/elluchador.info\/index.php?rest_route=\/wp\/v2\/posts"}],"about":[{"href":"https:\/\/elluchador.info\/index.php?rest_route=\/wp\/v2\/types\/post"}],"author":[{"embeddable":true,"href":"https:\/\/elluchador.info\/index.php?rest_route=\/wp\/v2\/users\/2"}],"replies":[{"embeddable":true,"href":"https:\/\/elluchador.info\/index.php?rest_route=%2Fwp%2Fv2%2Fcomments&post=197382"}],"version-history":[{"count":1,"href":"https:\/\/elluchador.info\/index.php?rest_route=\/wp\/v2\/posts\/197382\/revisions"}],"predecessor-version":[{"id":197383,"href":"https:\/\/elluchador.info\/index.php?rest_route=\/wp\/v2\/posts\/197382\/revisions\/197383"}],"wp:featuredmedia":[{"embeddable":true,"href":"https:\/\/elluchador.info\/index.php?rest_route=\/wp\/v2\/media\/194060"}],"wp:attachment":[{"href":"https:\/\/elluchador.info\/index.php?rest_route=%2Fwp%2Fv2%2Fmedia&parent=197382"}],"wp:term":[{"taxonomy":"category","embeddable":true,"href":"https:\/\/elluchador.info\/index.php?rest_route=%2Fwp%2Fv2%2Fcategories&post=197382"},{"taxonomy":"post_tag","embeddable":true,"href":"https:\/\/elluchador.info\/index.php?rest_route=%2Fwp%2Fv2%2Ftags&post=197382"}],"curies":[{"name":"wp","href":"https:\/\/api.w.org\/{rel}","templated":true}]}}