{"id":197389,"date":"2021-08-23T02:42:56","date_gmt":"2021-08-23T06:42:56","guid":{"rendered":"https:\/\/elluchador.info\/web\/?p=197389"},"modified":"2021-08-23T02:43:00","modified_gmt":"2021-08-23T06:43:00","slug":"conozca-a-los-26-venezolanos-que-participaran-en-los-juegos-paralimpicos-tokio-2020","status":"publish","type":"post","link":"https:\/\/elluchador.info\/?p=197389","title":{"rendered":"Conozca a los 26 venezolanos que participar\u00e1n en los Juegos Paral\u00edmpicos Tokio 2020"},"content":{"rendered":"\n<p>Ser\u00e1n 26 los deportistas venezolanos que competir\u00e1n en los Juegos Paral\u00edmpicos de Tokio 2020,<strong>&nbsp;la tercera delegaci\u00f3n m\u00e1s grande<\/strong>&nbsp;con la que ha participado el pa\u00eds en el encuentro deportivo para atletas con discapacidad desde Londres 2012, cita a la que acudieron 30.<\/p>\n\n\n\n<p>Venezuela ha competido en 9 ediciones de los Juegos Paral\u00edmpicos, un evento que se celebr\u00f3 por primera vez en Roma, en 1960, con la actuaci\u00f3n de 400 atletas de 23 pa\u00edses. Sin embargo, no fue hasta el encuentro de 1984, celebrado en Nueva York, que el pa\u00eds particip\u00f3. Este a\u00f1o, a la edici\u00f3n XVI, que&nbsp;<strong>se celebrar\u00e1 entre el&nbsp;<a href=\"https:\/\/tokio2020.paralimpicos.es\/#\/\" target=\"_blank\" rel=\"noreferrer noopener\">24 de agosto y el 5 de septiembre<\/a>,<\/strong>&nbsp;acudir\u00e1n 26 venezolanos clasificados en 7 disciplinas: atletismo, impulso de bala, nataci\u00f3n, judo, levantamiento de potencia, ciclismo y tenis.<\/p>\n\n\n\n<p>Para los Juegos Paraol\u00edmpicos, conocidos tambi\u00e9n como \u201clos juegos ol\u00edmpicos paralelos\u201d por celebrarse justo despu\u00e9s del ciclo ol\u00edmpico en la misma ciudad sede, la gran apuesta de Venezuela son los deportistas clasificados en atletismo. El pa\u00eds logr\u00f3&nbsp;<strong>el m\u00e1ximo cupo de clasificados este a\u00f1o con 16 atletas.<\/strong>&nbsp;No ser\u00eda la primera vez que el pa\u00eds destaca en la cita paral\u00edmpica gracias al atletismo: de las 17 preseas que tiene Venezuela &nbsp;en su medallero, 13 se ganaron en esta disciplina.<\/p>\n\n\n\n<p>En esta edici\u00f3n se escogi\u00f3 a Abraham Ortega (impulso de bala F47) y Lisbeli Vera (100m, 200m, 400m F47) como los abanderados. Al igual que los Juegos Ol\u00edmpicos, los Paral\u00edmpicos<strong>&nbsp;se pospusieron un a\u00f1o debido a la pandemia del covid-19<\/strong>&nbsp;y, como en el ciclo que acaba de terminar, el encuentro estar\u00e1 marcado por la contingencia de la crisis sanitaria.<\/p>\n\n\n\n<p>Este a\u00f1o, adem\u00e1s, se introdujo&nbsp;<strong>el b\u00e1dminton y el taekwondo como deportes del programa,<\/strong>&nbsp;mientras que las disciplinas de vela y f\u00fatbol fueron excluidas.&nbsp; El Ministerio de Deporte inform\u00f3 en una nota de prensa que los representantes de atletismo, nataci\u00f3n, ciclismo, tenis de mesa y levantamiento de pesas se encontraban desde hace una semana en La Coru\u00f1a, Espa\u00f1a. All\u00ed realizaban una base de preparaci\u00f3n y aclimataci\u00f3n, mientras el equipo de judo estaba en Turqu\u00eda para cumplir con un fogueo previo.<\/p>\n\n\n\n<h2 class=\"wp-block-heading\">Ediciones anteriores<\/h2>\n\n\n\n<p>Desde 2008 la participaci\u00f3n del pa\u00eds en los Juegos Paral\u00edmpicos ha sido satisfactoria. En los juegos de Pek\u00edn&nbsp; el pa\u00eds&nbsp;estuvo representado&nbsp;por un total de<strong>&nbsp;27 deportistas, 19 hombres y ocho mujeres.<\/strong>&nbsp;De ellos consigui\u00f3 una medalla de oro Naomi Sozao, quien compiti\u00f3 en la disciplina de judo de los -63 kilogramos femeninos. Tambi\u00e9n se lograron cuatro medallas de plata en atletismo por la participaci\u00f3n de Od\u00faver Daza, Fernando Ferrer, Ricardo Santana y Yoldani Silva en los 100 m&nbsp;de las categor\u00edas T11-13&nbsp;masculino. Samuel Colmenares y Reinaldo Carvallo tambi\u00e9n consiguieron dos preseas de bronce en atletismo.<\/p>\n\n\n\n<p>Luego, en los Juegos Paral\u00edmpicos de Londres 2012,&nbsp;<strong>Venezuela particip\u00f3 con 30 atletas,<\/strong>&nbsp;el m\u00e1ximo n\u00famero de participantes que ha llevado a la cita. En esa oportunidad, los participantes lograron dos medallas de bronce y 13 diplomas ol\u00edmpicos.<\/p>\n\n\n\n<p>En R\u00edo 2016, Venezuela particip\u00f3 con&nbsp;<strong>24 atletas y, para ese a\u00f1o, logr\u00f3 seis medallas:<\/strong>&nbsp;tres de plata con Sol Rojas (400m T11), Luis Paiva (400m T20) y Omar Monterola (400m T37). Tambi\u00e9n logr\u00f3 tres preseas de bronce: Yescarly Medina (100m T37), Rafael Uribe (salto alto T44) y Naomi Soazo (judo -70kg). La delegaci\u00f3n, en esa oportunidad, sum\u00f3 23 diplomas.<\/p>\n\n\n\n<h2 class=\"wp-block-heading\">Abraham Ortega<\/h2>\n\n\n\n<figure class=\"wp-block-image\" id=\"attachment_738957\"><img decoding=\"async\" src=\"https:\/\/cdn.elnacional.com\/wp-content\/uploads\/2021\/08\/Abraham-Ortega-Foto-Archivo.jpg\" alt=\"los juegos paral\u00edmpicos \" class=\"wp-image-738957\"\/><figcaption>Abraham Ortega | Foto Archivo<\/figcaption><\/figure>\n\n\n\n<p><strong>Deporte<\/strong>: impulso &nbsp;de bala<\/p>\n\n\n\n<p><strong>Categor\u00eda<\/strong>: F46. No tiene sensibilidad ni movimiento en su miembro superior izquierdo<\/p>\n\n\n\n<p>Ortega alcanz\u00f3 el oro con distancia de 50,39 metros para imponer r\u00e9cord continental en la segunda edici\u00f3n de los Juegos Paranacionales 2015, en Barquisimeto. Estableci\u00f3 un r\u00e9cord en el Open Internacional de Paratletismo, Colombia 2015, al conseguir un registro de 13,55 metros en el evento donde tambi\u00e9n se llev\u00f3 el oro.<\/p>\n\n\n\n<p>Ese mismo a\u00f1o, en los&nbsp;<strong>Juegos Parapanamericanos de Toronto<\/strong>, logr\u00f3 tambi\u00e9n la medalla de oro y la de bronce en su categor\u00eda.<\/p>\n\n\n\n<p>En 2016 se adjudic\u00f3 el noveno diploma Paral\u00edmpico para Venezuela&nbsp;al ubicarse en la octava posici\u00f3n en la prueba de lanzamiento de jabalina. Logr\u00f3 superar hasta m\u00e1s de nueve veces su mejor registro en los Juegos Paraol\u00edmpicos de&nbsp;<strong>R\u00edo 2016.<\/strong><\/p>\n\n\n\n<p>En su primer intento registr\u00f3&nbsp;<strong>46 metros con 32 cent\u00edmetros,<\/strong>&nbsp;su segundo lanzamiento fue de 48 metros y 46 cent\u00edmetros, el tercero hizo 49,07; en el cuarto intento 47,54; su quinto lanzamiento subi\u00f3 el registro a 48,91 y cerr\u00f3 con el su mejor registro 49,94.<\/p>\n\n\n\n<p>Logr\u00f3 adem\u00e1s la medalla de bronce en el impulso de bala masculino F46, con un registro de 14.67 metros&nbsp; en los Juegos Parapanamericanos de Lima 2019.<\/p>\n\n\n\n<p>Este a\u00f1o, adem\u00e1s, ascendi\u00f3 del s\u00e9ptimo al tercer puesto de la clasificaci\u00f3n con un registro de 16.21m en la prueba de&nbsp;<strong>lanzamiento de jabalina F46<\/strong>&nbsp;en el Abierto Nacional de Paratletismo realizado en el polideportivo M\u00e1ximo Viloria de Barquisimeto.<\/p>\n\n\n\n<h2 class=\"wp-block-heading\">Lisbeli Vera<\/h2>\n\n\n\n<figure class=\"wp-block-image\" id=\"attachment_738977\"><img decoding=\"async\" src=\"https:\/\/cdn.elnacional.com\/wp-content\/uploads\/2021\/08\/Lisbeli-Vera-Foto-Archivo.jpg\" alt=\"Los juegos paral\u00edmpicos\" class=\"wp-image-738977\"\/><figcaption>Lisbeli Vera | Foto Archivo<\/figcaption><\/figure>\n\n\n\n<p><strong>Deporte<\/strong>: atletismo<\/p>\n\n\n\n<p><strong>Categor\u00eda<\/strong>: T47, discapacidad unilateral en la extremidad superior, que produce una p\u00e9rdida de funci\u00f3n en el hombro, codo y mu\u00f1eca (amputaci\u00f3n). En su caso, le falta parte del brazo izquierdo.<\/p>\n\n\n\n<p>Su debut internacional fue en los&nbsp;<strong>Juegos Parapanamericanos Juveniles de S\u00e3o Paulo 2017.<\/strong><\/p>\n\n\n\n<p>En 2019, adem\u00e1s, se despidi\u00f3 de los Juegos Parapanamericanos&nbsp; como triple medallista, al sumar&nbsp;<strong>una presea plateada<\/strong>&nbsp;en los 100m T47 femenino. Obtuvo su primera medalla de oro,&nbsp; la segunda para Venezuela, en esta justa continental, donde se consagr\u00f3 campeona en los 400 metros T47 femenino e impuso un nuevo r\u00e9cord con un registro de 59.10seg.<\/p>\n\n\n\n<p>Clasific\u00f3 tambi\u00e9n con el mejor tiempo a la final de 400m T47 (motora, extremidad superior), r<strong>egistrando 1:01.65.<\/strong>&nbsp;En ese evento, adem\u00e1s, gan\u00f3 plata en los 200m.<\/p>\n\n\n\n<p>Obtuvo&nbsp;<strong>dos medallas de bronce<\/strong>&nbsp;en el Campeonato Mundial de Paratletismo Dub\u00e1i 2019.<\/p>\n\n\n\n<h2 class=\"wp-block-heading\">IMPULSO DE BALA<\/h2>\n\n\n\n<p><strong>Yomaira Cohen<\/strong><\/p>\n\n\n\n<figure class=\"wp-block-image\" id=\"attachment_738978\"><img decoding=\"async\" src=\"https:\/\/cdn.elnacional.com\/wp-content\/uploads\/2021\/08\/Yomaira-Cohen-Foto-Archivo.jpg\" alt=\"los juegos paral\u00edmpicos \" class=\"wp-image-738978\"\/><figcaption>Yomaira Cohen | Foto Archivo<\/figcaption><\/figure>\n\n\n\n<p><strong>Categor\u00eda<\/strong>: F37. Presentan par\u00e1lisis cerebral (hiperton\u00eda, ataxia o atetosis moderada en la mitad del cuerpo). El otro lado del cuerpo puede verse m\u00ednimamente afectado, pero con buena capacidad funcional para correr. En su caso, sufre par\u00e1lisis cerebral<\/p>\n\n\n\n<p>Cohen&nbsp;posee&nbsp;<strong>la mejor marca en lanzamiento de jabalina en 29.98<\/strong>&nbsp;y es la \u00fanica venezolana clasificada en las tres pruebas del atletismo de campo: lanzamiento de jabalina, disco e impulso de bala. Su primera competencia internacional fue en 2003, en Mar del Plata, Argentina.<\/p>\n\n\n\n<p>Ha participado en los&nbsp;<strong>Juegos Parapanamericanos 2011<\/strong>&nbsp;en Guadalajara, M\u00e9xico; en los Juegos Londres 2012, donde obtuvo por su participaci\u00f3n dos diplomas, uno en jabalina (5to lugar) y otro en disco (7mo lugar). Tambi\u00e9n particip\u00f3 en los Juegos Parapanamericanos Toronto 2015, donde gan\u00f3 la medalla de plata en el lanzamiento de jabalina en la categor\u00eda F-37 con discapacidad intelectual.<\/p>\n\n\n\n<p>Gan\u00f3 adem\u00e1s la medalla de bronce en lanzamiento de bala, en el Estadio Atl\u00e9tico de Lima, en los Juegos Parapanamericanos Per\u00fa 2019.<\/p>\n\n\n\n<p><strong>Wendys Mej\u00edas<\/strong><\/p>\n\n\n\n<figure class=\"wp-block-image\" id=\"attachment_738973\"><img decoding=\"async\" src=\"https:\/\/cdn.elnacional.com\/wp-content\/uploads\/2021\/08\/Wendis-Mejias-Foto-Archivo.jpeg\" alt=\"los juegos paral\u00edmpicos\" class=\"wp-image-738973\"\/><figcaption>Wendis Mej\u00edas | Foto Archivo<\/figcaption><\/figure>\n\n\n\n<p><strong>Categor\u00eda<\/strong>: F34. Los deportistas tienen afectadas las cuatro extremidades, pero m\u00e1s las inferiores que las superiores. Los brazos y el tronco demuestran una fuerza funcional de regular a buena, as\u00ed como un agarre, una liberaci\u00f3n y una propulsi\u00f3n relativamente sim\u00e9trica de la silla de ruedas.<\/p>\n\n\n\n<p>Gan\u00f3 bronce en<strong>&nbsp;paraatletismo F34 de los Juegos Parapanamericanos de Lima 2019.<\/strong>&nbsp;Adem\u00e1s, qued\u00f3 tercera en el impulso de bala F32-33-34 con 6,20 metros en dicho evento de 2019. Este a\u00f1o obtuvo adem\u00e1s la mejor participaci\u00f3n con 6,38 metros en el Open Nacional de Paratletics Lara 2021.<\/p>\n\n\n\n<h2 class=\"wp-block-heading\">ATLETISMO<\/h2>\n\n\n\n<p><strong>Luis Felipe Rodr\u00edguez<\/strong><\/p>\n\n\n\n<figure class=\"wp-block-image\" id=\"attachment_738980\"><img decoding=\"async\" src=\"https:\/\/cdn.elnacional.com\/wp-content\/uploads\/2021\/08\/Luis-Felipe-Rodriguez-Foto-Facebook.jpg\" alt=\"\" class=\"wp-image-738980\"\/><figcaption>Luis Felipe Rodr\u00edguez | Foto Facebook<\/figcaption><\/figure>\n\n\n\n<p><strong>Categor\u00eda<\/strong>: T20. Los deportistas presentan una discapacidad intelectual que afecta las actividades de carrera, saltos o lanzamientos.<\/p>\n\n\n\n<p>Durante la prueba de los 400 metros T20,&nbsp;<strong>finaliz\u00f3 tercero con marca de 49.01 segundos<\/strong>&nbsp;en el mundial Para Atletismo 2019 realizado en Dubai. El venezolano fue superado por el brasile\u00f1o Daniel Tavares, quien obtuvo medalla de oro y estableci\u00f3 r\u00e9cord en la competencia, y por el ecuatoriano&nbsp; Anderson Colorado, quien ocup\u00f3 el segundo esca\u00f1o.<\/p>\n\n\n\n<p><strong>Norkelys Gonz\u00e1lez<\/strong><\/p>\n\n\n\n<figure class=\"wp-block-image\" id=\"attachment_738976\"><img decoding=\"async\" src=\"https:\/\/cdn.elnacional.com\/wp-content\/uploads\/2021\/08\/Norkelys-Gonzalez-Foto-Captura-de-video.jpg\" alt=\"\" class=\"wp-image-738976\"\/><figcaption>Norkelys Gonz\u00e1lez | Foto Captura de video<\/figcaption><\/figure>\n\n\n\n<p><strong>Categor\u00eda<\/strong>: T20.&nbsp;Los deportistas presentan una discapacidad intelectual que afecta las actividades de carrera, saltos o lanzamientos.<\/p>\n\n\n\n<p>En estos&nbsp;Juegos Parapanemericanos Lima 2019, Gonz\u00e1lez se convirti\u00f3&nbsp;<strong>en la segunda m\u00e1s r\u00e1pida del continente<\/strong>&nbsp;al marcar un tiempo de 59.81 segundos y gan\u00f3 la medalla de plata en los 400 metros planos. Antes logr\u00f3 un diploma paral\u00edmpico al ubicarse en el puesto n\u00famero 6 de en R\u00edo 2016. En ese entonces logr\u00f3 un registro de 1 minuto, 01 segundo y 18 cent\u00e9simas&nbsp;(1:01.18).<\/p>\n\n\n\n<p>En 2015, en los Juegos Paranacionales del estado Aragua, Gonz\u00e1lez logr\u00f3 adem\u00e1s la medalla de oro en la prueba de atletismo de los 100 metros.<\/p>\n\n\n\n<p><strong>Edixon Pirela<\/strong><\/p>\n\n\n\n<figure class=\"wp-block-image\" id=\"attachment_738965\"><img decoding=\"async\" src=\"https:\/\/cdn.elnacional.com\/wp-content\/uploads\/2021\/08\/Edixon-Pirela-Foto-Archivo.jpg\" alt=\"\" class=\"wp-image-738965\"\/><figcaption>Edixon Pirela | Foto Archivo<\/figcaption><\/figure>\n\n\n\n<p><strong>Categor\u00eda<\/strong>: T20.&nbsp;Los deportistas presentan una discapacidad intelectual que afecta las actividades de carrera, saltos o lanzamientos.<\/p>\n\n\n\n<p>Pirela logr\u00f3&nbsp;<strong>medalla de plata en los&nbsp; Juegos Parapanamericanos Toronto 2015,<\/strong>&nbsp;al cruzar la meta en 49.69 segundos.<\/p>\n\n\n\n<p><strong>Sol Rojas<\/strong><\/p>\n\n\n\n<figure class=\"wp-block-image\" id=\"attachment_738960\"><img decoding=\"async\" src=\"https:\/\/cdn.elnacional.com\/wp-content\/uploads\/2021\/08\/Sol-Rojas-Foto-Archivo.jpg\" alt=\"\" class=\"wp-image-738960\"\/><figcaption>Sol Rojas | Foto Archivo<\/figcaption><\/figure>\n\n\n\n<p><strong>Categor\u00eda:<\/strong>&nbsp;T11.&nbsp;Deportistas con agudeza visual muy baja y\/o ninguna percepci\u00f3n de la luz. Compiten con un gu\u00eda.<\/p>\n\n\n\n<p>Rojas gan\u00f3 una medalla de plata en los Juegos Paral\u00edmpicos de R\u00edo de Janeiro 2016 en la prueba de 400 metros.<\/p>\n\n\n\n<p><strong>Enderson Santos<\/strong><\/p>\n\n\n\n<figure class=\"wp-block-image\" id=\"attachment_738968\"><img decoding=\"async\" src=\"https:\/\/cdn.elnacional.com\/wp-content\/uploads\/2021\/08\/Enderson-Santos-Foto-Archivo.jpg\" alt=\"\" class=\"wp-image-738968\"\/><figcaption>Enderson Santos | Foto Archivo<\/figcaption><\/figure>\n\n\n\n<p><strong>Categor\u00eda<\/strong>: T11.&nbsp;Deportistas con agudeza visual muy baja&nbsp;y\/o ninguna percepci\u00f3n de la luz. Compiten con gu\u00eda.<\/p>\n\n\n\n<p>Santos&nbsp;<strong>gan\u00f3 medallas de oro y plata<\/strong>&nbsp;en el Abierto Internacional 2018 en Barranquilla, Colombia, y adem\u00e1s una medalla de bronce en T11 400 metros en los Juegos Parapanamericanos 2019 en Lima, Per\u00fa.<\/p>\n\n\n\n<p><strong>Linda P\u00e9rez<\/strong><\/p>\n\n\n\n<figure class=\"wp-block-image\" id=\"attachment_738972\"><img decoding=\"async\" src=\"https:\/\/cdn.elnacional.com\/wp-content\/uploads\/2021\/08\/Linda-Perez-Foto-Archivo.jpg\" alt=\"\" class=\"wp-image-738972\"\/><figcaption>Linda P\u00e9rez | Foto Archivo<\/figcaption><\/figure>\n\n\n\n<p><strong>Categor\u00eda<\/strong>: T11.&nbsp;Deportistas con agudeza visual muy baja&nbsp;y\/o ninguna percepci\u00f3n de la luz. Requieren de un gu\u00eda.<\/p>\n\n\n\n<p>Obtuvo la medalla de plata en los Juegos Parapanamericanos de&nbsp;Lima 2019.<\/p>\n\n\n\n<p><strong>Alejandra P\u00e9rez<\/strong><\/p>\n\n\n\n<figure class=\"wp-block-image\" id=\"attachment_739002\"><img decoding=\"async\" src=\"https:\/\/cdn.elnacional.com\/wp-content\/uploads\/2021\/08\/Alejandra-Perez-Foto-Archivo.jpg\" alt=\"\" class=\"wp-image-739002\"\/><figcaption>Alejandra P\u00e9rez | Foto Archivo<\/figcaption><\/figure>\n\n\n\n<p><strong>Categor\u00eda<\/strong>: T12.&nbsp;Los competidores presentan mejor agudeza en la vista que los de la clase T11\/F11, as\u00ed como un campo visual de menos de cinco grados de radio. Estos atletas pueden optar por correr con un gu\u00eda o solos.<\/p>\n\n\n\n<p>Este a\u00f1o&nbsp;P\u00e9rez conquist\u00f3 tres preseas de oro en las pruebas de 100, 200 y 400 metros, para ubicarse tercera en el ranking mundial en su modalidad.<\/p>\n\n\n\n<p><strong>Greilyz Villarroel<\/strong><\/p>\n\n\n\n<figure class=\"wp-block-image\" id=\"attachment_738974\"><img decoding=\"async\" src=\"https:\/\/cdn.elnacional.com\/wp-content\/uploads\/2021\/08\/Greilyz-Villarroel-Foto-Archivo.jpg\" alt=\"\" class=\"wp-image-738974\"\/><figcaption>Greilyz Villarroel | Foto Archivo<\/figcaption><\/figure>\n\n\n\n<p><strong>Categor\u00eda<\/strong>: T12. Los competidores presentan mejor agudeza en la vista que los de la clase T11\/F11, as\u00ed como un campo visual de menos de cinco grados de radio. Estos atletas pueden optar por correr con un gu\u00eda o solos.<\/p>\n\n\n\n<p>Logr\u00f3 la medalla de plata en los Juegos Parapanamericanos Lima 2019.<\/p>\n\n\n\n<h2 class=\"wp-block-heading\">NATACI\u00d3N<\/h2>\n\n\n\n<p><strong>Belkis Mota<\/strong><\/p>\n\n\n\n<figure class=\"wp-block-image\" id=\"attachment_739006\"><img decoding=\"async\" src=\"https:\/\/cdn.elnacional.com\/wp-content\/uploads\/2021\/08\/Belkis-Mota-Foto-Archivo.jpg\" alt=\"\" class=\"wp-image-739006\"\/><figcaption>Belkis Mota | Foto Archivo<\/figcaption><\/figure>\n\n\n\n<p><strong>Deporte<\/strong>: Nataci\u00f3n 100 metros estilo libre y 100 metros estilo pecho.<\/p>\n\n\n\n<p><strong>Categor\u00eda<\/strong>: S12:&nbsp;Nadadores con un campo de visi\u00f3n restringido. Algunos no pueden ver la l\u00ednea negra del fondo de la piscina. Sin embargo, pueden apreciar el final del carril a un metro de distancia.<\/p>\n\n\n\n<p>Gan\u00f3 diploma al culminar en la sexta casilla de la final de los 50 metros libre de los juegos de R\u00edo 2016.<\/p>\n\n\n\n<p><strong>Jos\u00e9 Gregorio Montilla<\/strong><\/p>\n\n\n\n<figure class=\"wp-block-image\" id=\"attachment_738979\"><img decoding=\"async\" src=\"https:\/\/cdn.elnacional.com\/wp-content\/uploads\/2021\/08\/Jose-Gregorio-Montilla-Foto-Archivo.jpg\" alt=\"\" class=\"wp-image-738979\"\/><figcaption>Jos\u00e9 Gregorio Montilla | Foto Archivo<\/figcaption><\/figure>\n\n\n\n<p><strong>Categor\u00eda<\/strong>: SB2.&nbsp;Nadadores con discapacidad f\u00edsica y motora.<\/p>\n\n\n\n<p>Su tiempo en la modalidad pecho es de 1 minuto y 41 segundos, logrados cuando se clasific\u00f3 a la cita ol\u00edmpica en los Juegos ParaPanamericanos de Lima en agosto de 2019.<\/p>\n\n\n\n<p>Ese mismo a\u00f1o, en abril, gan\u00f3 cuatro preseas doradas en el torneo Copa Caixa Brasil, realizado en San Pablo.<\/p>\n\n\n\n<p><strong>Ericson Berm\u00fadez<\/strong><\/p>\n\n\n\n<figure class=\"wp-block-image\" id=\"attachment_738963\"><img decoding=\"async\" src=\"https:\/\/cdn.elnacional.com\/wp-content\/uploads\/2021\/08\/Ericsson-Bermudez-Foto-Archivo.jpg\" alt=\"\" class=\"wp-image-738963\"\/><figcaption>Ericsson Berm\u00fadez | Foto Archivo<\/figcaption><\/figure>\n\n\n\n<p><strong>Categor\u00eda<\/strong>: SB7.&nbsp;Nadadores con limitaciones f\u00edsico-motoras.<\/p>\n\n\n\n<p>En los Panamericanos de Lima 2019 se llev\u00f3 el bronce en los 100 metros estilo pecho.<\/p>\n\n\n\n<h2 class=\"wp-block-heading\">JUDO<\/h2>\n\n\n\n<p><strong>Marcos Blanco<\/strong><\/p>\n\n\n\n<figure class=\"wp-block-image\" id=\"attachment_738969\"><img decoding=\"async\" src=\"https:\/\/cdn.elnacional.com\/wp-content\/uploads\/2021\/08\/Marcos-Blanco-Foto-Archivo.jpg\" alt=\"\" class=\"wp-image-738969\"\/><figcaption>Marcos Blanco | Foto Archivo<\/figcaption><\/figure>\n\n\n\n<p><strong>Categor\u00eda<\/strong>: B1.&nbsp;Los judocas tienen discapacidad visual, la m\u00e1s aguda (ceguera total). Lucen un c\u00edrculo rojo en su chaqueta, llamado judogi, para que los \u00e1rbitros sepan que pueden necesitar ayuda antes, durante y despu\u00e9s del combate.<\/p>\n\n\n\n<p>Obtuvo la&nbsp;medalla&nbsp;de plata en los Juegos Parapanamericanos Lima 2019 en -60 kilogramos.<\/p>\n\n\n\n<p><strong>H\u00e9ctor Espinoza<\/strong><\/p>\n\n\n\n<figure class=\"wp-block-image\" id=\"attachment_739009\"><img decoding=\"async\" src=\"https:\/\/cdn.elnacional.com\/wp-content\/uploads\/2021\/08\/Hector-Espnoza-Foto-Archivo.png\" alt=\"\" class=\"wp-image-739009\"\/><figcaption>H\u00e9ctor Espnoza | Foto Archivo<\/figcaption><\/figure>\n\n\n\n<p><strong>Categor\u00eda<\/strong>: B1.&nbsp;Los judocas tienen discapacidad visual, la m\u00e1s aguda (ceguera total). Usan el judogi en el uniforme para que los \u00e1rbitros sepan que pueden necesitar ayuda antes, durante y despu\u00e9s del combate.<\/p>\n\n\n\n<p>Gan\u00f3 medalla de bronce en el Campeonato Panamericano de Judo IBSA en Montreal (Federaci\u00f3n Internacional de Deporte para Ciegos, por sus siglas en ingl\u00e9s).<\/p>\n\n\n\n<h2 class=\"wp-block-heading\">LEVANTAMIENTO DE POTENCIA<\/h2>\n\n\n\n<p><strong>Clara Sarahy Fuentes<\/strong><\/p>\n\n\n\n<figure class=\"wp-block-image\" id=\"attachment_739014\"><img decoding=\"async\" src=\"https:\/\/cdn.elnacional.com\/wp-content\/uploads\/2021\/08\/Clara-Sarahy-Fuentes-Foto-Archivo.jpg\" alt=\"\" class=\"wp-image-739014\"\/><figcaption>Clara Sarahy Fuentes | Foto Archivo<\/figcaption><\/figure>\n\n\n\n<p><strong>Categor\u00eda<\/strong>: adulto.<\/p>\n\n\n\n<p>En el Abierto de las Am\u00e9ricas de 2018 y en los Parapanamericanos de 2019 se qued\u00f3 con el bronce. Adem\u00e1s, finaliz\u00f3 cuarta en el pasado Mundial de Parapotencia y rompi\u00f3 dos registros en la categor\u00eda adulto (-41 kg).<\/p>\n\n\n\n<p><strong>Oriana Ter\u00e1n<\/strong><\/p>\n\n\n\n<figure class=\"wp-block-image\" id=\"attachment_738961\"><img decoding=\"async\" src=\"https:\/\/cdn.elnacional.com\/wp-content\/uploads\/2021\/08\/Oriana-Teran.jpg\" alt=\"\" class=\"wp-image-738961\"\/><figcaption>Oriana Ter\u00e1n | Foto Archivo<\/figcaption><\/figure>\n\n\n\n<p><strong>Categor\u00eda<\/strong>: adulto<\/p>\n\n\n\n<p>En 2018, gan\u00f3 la&nbsp;presea de oro&nbsp;como&nbsp;atleta juvenil&nbsp;en parapotencia, logrando un r\u00e9cord continental dentro del marco del&nbsp;Abierto de las Am\u00e9ricas&nbsp;de Powerlifthing, en Colombia.<\/p>\n\n\n\n<p><strong>Wiunawis Hern\u00e1ndez<\/strong><\/p>\n\n\n\n<figure class=\"wp-block-image\" id=\"attachment_738964\"><img decoding=\"async\" src=\"https:\/\/cdn.elnacional.com\/wp-content\/uploads\/2021\/08\/Wiunawis-Hernandez-Foto-Archivo.jpg\" alt=\"\" class=\"wp-image-738964\"\/><figcaption>Wiunawis Hern\u00e1ndez | Foto Archivo<\/figcaption><\/figure>\n\n\n\n<p><strong>Categor\u00eda<\/strong>: adulto<\/p>\n\n\n\n<p>Particip\u00f3 en los&nbsp;Juegos Parapanamericanos de 2011&nbsp;en&nbsp;Guadalajara, donde recibi\u00f3 la&nbsp;medalla de bronce&nbsp;en su especialidad con un puntaje total de 97.15 puntos. Ha representado a Venezuela en varios campeonatos nacionales e internacionales, entre los que destacan el quinto lugar en el campeonato del mundo de 2002 y la sexta posici\u00f3n en la versi\u00f3n 2010 del mismo torneo.<\/p>\n\n\n\n<h2 class=\"wp-block-heading\">LANZAMIENTO DE DISCO<\/h2>\n\n\n\n<p><strong>Edwars Varela<\/strong><\/p>\n\n\n\n<figure class=\"wp-block-image\" id=\"attachment_738967\"><img decoding=\"async\" src=\"https:\/\/cdn.elnacional.com\/wp-content\/uploads\/2021\/08\/Edwars-Varela-Foto-Archivo.jpg\" alt=\"\" class=\"wp-image-738967\"\/><figcaption>Edwars Varela | Foto Archivo<\/figcaption><\/figure>\n\n\n\n<p>Categor\u00eda: F37.&nbsp;Los competidores presentan par\u00e1lisis cerebral (hiperton\u00eda, ataxia o atetosis moderada en la mitad del cuerpo). El otro lado del cuerpo puede verse m\u00ednimamente afectado, pero con buena capacidad funcional para correr.<\/p>\n\n\n\n<p>Obtuvo la primera&nbsp;medalla&nbsp;de oro de la delegaci\u00f3n venezolana en los&nbsp;Juegos Parapanamericanos Lima 2019.<\/p>\n\n\n\n<h2 class=\"wp-block-heading\">LANZAMIENTO DE JABALINA<\/h2>\n\n\n\n<p><strong>Naibys Morillo<\/strong><\/p>\n\n\n\n<figure class=\"wp-block-image\" id=\"attachment_738966\"><img decoding=\"async\" src=\"https:\/\/cdn.elnacional.com\/wp-content\/uploads\/2021\/08\/Naibys-Morillo-Foto-Archivo.jpg\" alt=\"\" class=\"wp-image-738966\"\/><figcaption>Naibys Morillo | Foto Archivo<\/figcaption><\/figure>\n\n\n\n<p><strong>Categor\u00eda<\/strong>: F46. Competidores con discapacidad unilateral en las extremidades superiores (amputaci\u00f3n), que afecta el hombro y\/o el codo de un brazo. Esta es comparable con las limitaciones al momento de correr o saltar.<\/p>\n\n\n\n<p>Obtuvo medalla de oro en salto largo, en los Juegos Parapanamericanos Juveniles que se celebraron en San Pablo, Brasil 2018. Seguidamente, gan\u00f3 el bronce en el Mundial de Dub\u00e1i 2019.<\/p>\n\n\n\n<h2 class=\"wp-block-heading\">SALTO<\/h2>\n\n\n\n<p><strong>Paola Garc\u00eda<\/strong><\/p>\n\n\n\n<figure class=\"wp-block-image\" id=\"attachment_738958\"><img decoding=\"async\" src=\"https:\/\/cdn.elnacional.com\/wp-content\/uploads\/2021\/08\/Paola-Garcia-Foto-Archivo.jpg\" alt=\"\" class=\"wp-image-738958\"\/><figcaption>Paola Garc\u00eda | Foto Archivo<\/figcaption><\/figure>\n\n\n\n<p><strong>Categor\u00eda<\/strong>: T46.&nbsp;Atletas con discapacidad unilateral en las extremidades superiores (amputaci\u00f3n), que afecta el hombro y\/o el codo de un brazo. Es comparable a las limitaciones de actividad en la carrera y los saltos.<\/p>\n\n\n\n<p>Garc\u00eda super\u00f3 con creces sus registros tanto en Venezuela como en los eventos que a los que ha podido asistir en el plano internacional. La marca establecida por la atleta de 5,31 metros en el Campeonato Nacional de Para Atletismo celebrado en Barquisimeto este a\u00f1o y su actuaci\u00f3n lograda en el Campeonato Abierto de Para Atletismo realizado en Monterrey, M\u00e9xico, fueron aval importante para la inclusi\u00f3n de esta deportista en el equipo nacional en la modalidad de salto largo.<\/p>\n\n\n\n<p>Fue campeona paral\u00edmpica juvenil, sumando una medalla de oro en el Campeonato Parapanamericano Argentina 2013, en la disciplina de lanzamiento de jabalina. Ese mismo a\u00f1o hizo un par\u00e9ntesis para hacer familia y se reincorpor\u00f3 nuevamente al deporte del tart\u00e1n a finales de 2018, incursionando entonces en la disciplina de salto largo de la mano de su actual entrenador, el cubano Orlys Gonz\u00e1lez, presidente del Club Atl\u00e9tico Margarita Throwings.<\/p>\n\n\n\n<p><strong>Rafael Uribe<\/strong><\/p>\n\n\n\n<figure class=\"wp-block-image\" id=\"attachment_738970\"><img decoding=\"async\" src=\"https:\/\/cdn.elnacional.com\/wp-content\/uploads\/2021\/08\/Rafael-Uribe-Foto-Archivo.jpg\" alt=\"\" class=\"wp-image-738970\"\/><figcaption>Rafael Uribe | Foto Archivo<\/figcaption><\/figure>\n\n\n\n<p><strong>Categor\u00eda<\/strong>: F64\/T64.&nbsp;Deportistas con deficiencia unilateral por debajo de la rodilla. Por lo general, compiten con una pr\u00f3tesis que abarca la longitud de la pierna y la extremidad<\/p>\n\n\n\n<p>Gan\u00f3 una medalla de bronce en los&nbsp;Juegos Paral\u00edmpicos de R\u00edo de Janeiro 2016&nbsp;en la prueba de salto de altura.<\/p>\n\n\n\n<h2 class=\"wp-block-heading\">CICLISMO<\/h2>\n\n\n\n<p><strong>V\u00edctor Hugo Garrido<\/strong><\/p>\n\n\n\n<figure class=\"wp-block-image\" id=\"attachment_738975\"><img decoding=\"async\" src=\"https:\/\/cdn.elnacional.com\/wp-content\/uploads\/2021\/08\/Victor-Hugo-Garrido-Foto-Archivo.jpg\" alt=\"\" class=\"wp-image-738975\"\/><figcaption>V\u00edctor Hugo Garrido | Foto Archivo<\/figcaption><\/figure>\n\n\n\n<p><strong>Categor\u00eda<\/strong>: C2.&nbsp;Ciclistas con discapacidad moderada en las piernas o que presentan ausencia de las extremidades. Tienen pocas limitaciones para coordinar los movimientos del cuerpo y los brazos.<\/p>\n\n\n\n<p>En 2019, obtuvo el tercer lugar en la Copa de Europa, para posteriormente, en la siguiente edici\u00f3n, ubicarse en el quinto escal\u00f3n de la competencia.<\/p>\n\n\n\n<p>En 2021 logr\u00f3 ubicarse en el s\u00e9ptimo lugar de la Copa del Mundo de B\u00e9lgica, evento que cerraba la clasificaci\u00f3n de la disciplina, y que a su vez le permiti\u00f3 cumplir con las exigencias de la organizaci\u00f3n internacional.<\/p>\n\n\n\n<h2 class=\"wp-block-heading\">TENIS DE MESA<\/h2>\n\n\n\n<p><strong>Denisos Mart\u00ednez<\/strong><\/p>\n\n\n\n<figure class=\"wp-block-image\" id=\"attachment_738971\"><img decoding=\"async\" src=\"https:\/\/cdn.elnacional.com\/wp-content\/uploads\/2021\/08\/Denisos-Martinez-Foto-Archivo.jpg\" alt=\"\" class=\"wp-image-738971\"\/><figcaption>Denisos Mart\u00ednez | Foto Archivo<\/figcaption><\/figure>\n\n\n\n<p><strong>Categor\u00eda<\/strong>: C11.&nbsp;Atletas con discapacidad intelectual.<\/p>\n\n\n\n<p>Termin\u00f3 como n\u00famero uno del continente americano en el Open de Barcelona, Espa\u00f1a 2021. Sin embargo, el torneo clave de Mart\u00ednez, sin duda alguna, fue el Abierto de Alejandr\u00eda, celebrado en Egipto en 2020, donde consigui\u00f3 dos medallas de oro por equipos y bronce en individual.<\/p>\n\n\n\n<p><strong>El Nacional<\/strong><\/p>\n","protected":false},"excerpt":{"rendered":"<p>Ser\u00e1n 26 los deportistas venezolanos que competir\u00e1n en los Juegos Paral\u00edmpicos de Tokio 2020,&nbsp;la tercera delegaci\u00f3n m\u00e1s grande&nbsp;con la que ha participado el pa\u00eds en el encuentro deportivo para atletas con discapacidad desde Londres 2012, cita a la que acudieron 30. Venezuela ha competido en 9 ediciones de los Juegos Paral\u00edmpicos, un evento que se [&hellip;]<\/p>\n","protected":false},"author":2,"featured_media":0,"comment_status":"closed","ping_status":"closed","sticky":false,"template":"","format":"standard","meta":{"footnotes":""},"categories":[4,5,9],"tags":[],"class_list":{"0":"post-197389","1":"post","2":"type-post","3":"status-publish","4":"format-standard","6":"category-deportes","7":"category-destacado","8":"category-nacionales"},"_links":{"self":[{"href":"https:\/\/elluchador.info\/index.php?rest_route=\/wp\/v2\/posts\/197389","targetHints":{"allow":["GET"]}}],"collection":[{"href":"https:\/\/elluchador.info\/index.php?rest_route=\/wp\/v2\/posts"}],"about":[{"href":"https:\/\/elluchador.info\/index.php?rest_route=\/wp\/v2\/types\/post"}],"author":[{"embeddable":true,"href":"https:\/\/elluchador.info\/index.php?rest_route=\/wp\/v2\/users\/2"}],"replies":[{"embeddable":true,"href":"https:\/\/elluchador.info\/index.php?rest_route=%2Fwp%2Fv2%2Fcomments&post=197389"}],"version-history":[{"count":1,"href":"https:\/\/elluchador.info\/index.php?rest_route=\/wp\/v2\/posts\/197389\/revisions"}],"predecessor-version":[{"id":197390,"href":"https:\/\/elluchador.info\/index.php?rest_route=\/wp\/v2\/posts\/197389\/revisions\/197390"}],"wp:attachment":[{"href":"https:\/\/elluchador.info\/index.php?rest_route=%2Fwp%2Fv2%2Fmedia&parent=197389"}],"wp:term":[{"taxonomy":"category","embeddable":true,"href":"https:\/\/elluchador.info\/index.php?rest_route=%2Fwp%2Fv2%2Fcategories&post=197389"},{"taxonomy":"post_tag","embeddable":true,"href":"https:\/\/elluchador.info\/index.php?rest_route=%2Fwp%2Fv2%2Ftags&post=197389"}],"curies":[{"name":"wp","href":"https:\/\/api.w.org\/{rel}","templated":true}]}}