{"id":197413,"date":"2021-08-23T09:04:22","date_gmt":"2021-08-23T13:04:22","guid":{"rendered":"https:\/\/elluchador.info\/web\/?p=197413"},"modified":"2021-08-23T09:04:23","modified_gmt":"2021-08-23T13:04:23","slug":"mas-de-200-familias-afectadas-por-las-inundaciones-en-caroni","status":"publish","type":"post","link":"https:\/\/elluchador.info\/?p=197413","title":{"rendered":"M\u00e1s de 200 familias afectadas por las inundaciones en Caron\u00ed"},"content":{"rendered":"\n<p>El alcalde del municipio Caron\u00ed del estado Bol\u00edvar,\u00a0<strong>Tito Oviedo<\/strong>, inform\u00f3 este lunes que tienen\u00a0<strong>\u201cafectaciones f\u00edsicas, zonas inundadas y personas en refugios\u201d debido a las fuertes lluvias y crecida del r\u00edo Caron\u00ed<\/strong>.<\/p>\n\n\n\n<p>Asegur\u00f3 que gracias al trabajo mancomunado con el Comit\u00e9 de Riesgos en la municipalidad no se ha registrado \u201cp\u00e9rdidas de vidas humanas\u201d.<\/p>\n\n\n\n<blockquote class=\"wp-block-quote is-layout-flow wp-block-quote-is-layout-flow\"><p>\u201cTenemos 217 familias que est\u00e1n afectadas, tenemos alrededor de 460 personas entre adultos y menores que est\u00e1n en refugios\u201d, dijo.<\/p><\/blockquote>\n\n\n\n<p>En entrevista concedida al programa<strong><em>&nbsp;Al Instante que transmite Uni\u00f3n Radio<\/em><\/strong>, precis\u00f3 que hasta ahora se han reportado cuatro viviendas con p\u00e9rdidas totales. &nbsp;<\/p>\n\n\n\n<p>El mandatario municipal indic\u00f3 que la \u201cmayor afectaci\u00f3n\u201d se produjo en zonas populares de la jurisdicci\u00f3n que han quedado por debajo de la cota m\u00ednima. \u201cSon barrios que nuestro pueblo hizo hace much\u00edsimos a\u00f1os\u201d.<\/p>\n\n\n\n<p>El alcalde agreg\u00f3 que en los \u00faltimos cuatro d\u00edas no se ha generado aumento en las cotas del r\u00edo Caron\u00ed. <\/p>\n\n\n\n<p>\u201cNo hemos tenido m\u00e1s afectaciones, sin embargo, tampoco ha disminuido se ha mantenido, quiere decir que las zonas inundadas se mantienen inundadas, pero no hemos tenido ninguna afectaci\u00f3n de zonas de lluvias y eso es muy positivo\u201d, a\u00f1adi\u00f3.<\/p>\n\n\n\n<p>Uni\u00f3n Radio <\/p>\n","protected":false},"excerpt":{"rendered":"<p>El alcalde del municipio Caron\u00ed del estado Bol\u00edvar,\u00a0Tito Oviedo, inform\u00f3 este lunes que tienen\u00a0\u201cafectaciones f\u00edsicas, zonas inundadas y personas en refugios\u201d debido a las fuertes lluvias y crecida del r\u00edo Caron\u00ed. Asegur\u00f3 que gracias al trabajo mancomunado con el Comit\u00e9 de Riesgos en la municipalidad no se ha registrado \u201cp\u00e9rdidas de vidas humanas\u201d. \u201cTenemos 217 [&hellip;]<\/p>\n","protected":false},"author":2,"featured_media":134831,"comment_status":"closed","ping_status":"closed","sticky":false,"template":"","format":"standard","meta":{"footnotes":""},"categories":[5,12],"tags":[],"class_list":{"0":"post-197413","1":"post","2":"type-post","3":"status-publish","4":"format-standard","5":"has-post-thumbnail","7":"category-destacado","8":"category-regionales"},"_links":{"self":[{"href":"https:\/\/elluchador.info\/index.php?rest_route=\/wp\/v2\/posts\/197413","targetHints":{"allow":["GET"]}}],"collection":[{"href":"https:\/\/elluchador.info\/index.php?rest_route=\/wp\/v2\/posts"}],"about":[{"href":"https:\/\/elluchador.info\/index.php?rest_route=\/wp\/v2\/types\/post"}],"author":[{"embeddable":true,"href":"https:\/\/elluchador.info\/index.php?rest_route=\/wp\/v2\/users\/2"}],"replies":[{"embeddable":true,"href":"https:\/\/elluchador.info\/index.php?rest_route=%2Fwp%2Fv2%2Fcomments&post=197413"}],"version-history":[{"count":1,"href":"https:\/\/elluchador.info\/index.php?rest_route=\/wp\/v2\/posts\/197413\/revisions"}],"predecessor-version":[{"id":197414,"href":"https:\/\/elluchador.info\/index.php?rest_route=\/wp\/v2\/posts\/197413\/revisions\/197414"}],"wp:featuredmedia":[{"embeddable":true,"href":"https:\/\/elluchador.info\/index.php?rest_route=\/wp\/v2\/media\/134831"}],"wp:attachment":[{"href":"https:\/\/elluchador.info\/index.php?rest_route=%2Fwp%2Fv2%2Fmedia&parent=197413"}],"wp:term":[{"taxonomy":"category","embeddable":true,"href":"https:\/\/elluchador.info\/index.php?rest_route=%2Fwp%2Fv2%2Fcategories&post=197413"},{"taxonomy":"post_tag","embeddable":true,"href":"https:\/\/elluchador.info\/index.php?rest_route=%2Fwp%2Fv2%2Ftags&post=197413"}],"curies":[{"name":"wp","href":"https:\/\/api.w.org\/{rel}","templated":true}]}}