{"id":197415,"date":"2021-08-23T09:11:07","date_gmt":"2021-08-23T13:11:07","guid":{"rendered":"https:\/\/elluchador.info\/web\/?p=197415"},"modified":"2021-08-23T09:11:09","modified_gmt":"2021-08-23T13:11:09","slug":"medicos-advierten-sobre-la-aparicion-del-hongo-negro","status":"publish","type":"post","link":"https:\/\/elluchador.info\/?p=197415","title":{"rendered":"M\u00e9dicos advierten sobre la aparici\u00f3n del hongo negro"},"content":{"rendered":"\n<p>\u00abEl hongo negro no se contagia por estar contagiado de covid, debe tener el sistema inmunol\u00f3gico muy comprometido y estar d\u00e9bil para contagiarse, es lo que llamamos germen oportunista\u00bb, expres\u00f3.<\/p>\n\n\n\n<p>El m\u00e9dico y director del observatorio de salud, medio ambiente e impacto social de Venezuela (Osimaven), Ricardo Le\u00f3n,\u00a0afirm\u00f3 que los pacientes inmunodeprimidos est\u00e1n m\u00e1s expuestos al contagio de hongo negro,\u00a0a pesar de que los casos identificados en el pa\u00eds son aislados.<\/p>\n\n\n\n<p>El especialista llam\u00f3 a los ciudadanos&nbsp;<strong>a no automedicarse y a mantener de manera estricta las medidas de bioseguridad,&nbsp;<\/strong>a pesar de contar con una o dos dosis de cualquier de las vacunas anticovid.<\/p>\n\n\n\n<p>\u00abDonde se relajan m\u00e1s las medidas es cuando las personas siente que est\u00e1n protegidos porque est\u00e1n vacunados, estamos protegidos parcialmente, pero la vacuna no es un m\u00e9todo de barrera para no contagiarse\u00bb, manifest\u00f3 en entrevista con\u00a0<strong>Anah\u00ed Arismendi, para Uni\u00f3n Radio.<\/strong><\/p>\n\n\n\n<p>Adem\u00e1s, adelant\u00f3 que la ciencia est\u00e1 evaluando\u00a0<strong>la combinaci\u00f3n de vacunas<\/strong>, \u00abpara aumentar la eficacia dela medicaci\u00f3n y que los pacientes que se expongan a nuevas variantes contraigan complicaciones\u00bb.<\/p>\n\n\n\n<p>Uni\u00f3n Radio<a href=\"https:\/\/unionradio.net\/arribo-al-pais-la-delegacion-de-la-union-interparlamentaria\/\"><\/a><\/p>\n","protected":false},"excerpt":{"rendered":"<p>\u00abEl hongo negro no se contagia por estar contagiado de covid, debe tener el sistema inmunol\u00f3gico muy comprometido y estar d\u00e9bil para contagiarse, es lo que llamamos germen oportunista\u00bb, expres\u00f3. El m\u00e9dico y director del observatorio de salud, medio ambiente e impacto social de Venezuela (Osimaven), Ricardo Le\u00f3n,\u00a0afirm\u00f3 que los pacientes inmunodeprimidos est\u00e1n m\u00e1s expuestos [&hellip;]<\/p>\n","protected":false},"author":2,"featured_media":195067,"comment_status":"closed","ping_status":"closed","sticky":false,"template":"","format":"standard","meta":{"footnotes":""},"categories":[5,19],"tags":[],"class_list":{"0":"post-197415","1":"post","2":"type-post","3":"status-publish","4":"format-standard","5":"has-post-thumbnail","7":"category-destacado","8":"category-salud"},"_links":{"self":[{"href":"https:\/\/elluchador.info\/index.php?rest_route=\/wp\/v2\/posts\/197415","targetHints":{"allow":["GET"]}}],"collection":[{"href":"https:\/\/elluchador.info\/index.php?rest_route=\/wp\/v2\/posts"}],"about":[{"href":"https:\/\/elluchador.info\/index.php?rest_route=\/wp\/v2\/types\/post"}],"author":[{"embeddable":true,"href":"https:\/\/elluchador.info\/index.php?rest_route=\/wp\/v2\/users\/2"}],"replies":[{"embeddable":true,"href":"https:\/\/elluchador.info\/index.php?rest_route=%2Fwp%2Fv2%2Fcomments&post=197415"}],"version-history":[{"count":1,"href":"https:\/\/elluchador.info\/index.php?rest_route=\/wp\/v2\/posts\/197415\/revisions"}],"predecessor-version":[{"id":197416,"href":"https:\/\/elluchador.info\/index.php?rest_route=\/wp\/v2\/posts\/197415\/revisions\/197416"}],"wp:featuredmedia":[{"embeddable":true,"href":"https:\/\/elluchador.info\/index.php?rest_route=\/wp\/v2\/media\/195067"}],"wp:attachment":[{"href":"https:\/\/elluchador.info\/index.php?rest_route=%2Fwp%2Fv2%2Fmedia&parent=197415"}],"wp:term":[{"taxonomy":"category","embeddable":true,"href":"https:\/\/elluchador.info\/index.php?rest_route=%2Fwp%2Fv2%2Fcategories&post=197415"},{"taxonomy":"post_tag","embeddable":true,"href":"https:\/\/elluchador.info\/index.php?rest_route=%2Fwp%2Fv2%2Ftags&post=197415"}],"curies":[{"name":"wp","href":"https:\/\/api.w.org\/{rel}","templated":true}]}}