{"id":197417,"date":"2021-08-23T09:16:47","date_gmt":"2021-08-23T13:16:47","guid":{"rendered":"https:\/\/elluchador.info\/web\/?p=197417"},"modified":"2021-08-23T09:16:48","modified_gmt":"2021-08-23T13:16:48","slug":"arribo-al-pais-integrantes-de-la-union-interparlamentaria","status":"publish","type":"post","link":"https:\/\/elluchador.info\/?p=197417","title":{"rendered":"Arrib\u00f3 al pa\u00eds integrantes de la Uni\u00f3n Interparlamentaria"},"content":{"rendered":"\n<p>En la agenda de los parlamentarios tambi\u00e9n figuran reuniones con rectores del Consejo Nacional Electoral e integrantes del Poder Moral.<\/p>\n\n\n\n<p> En horas del mediod\u00eda de este lunes arrib\u00f3 al pa\u00eds el presidente de la Uni\u00f3n Parlamentaria,\u00a0<strong>Duarte Pacheco,\u00a0<\/strong>y su equipo para sostener diversos encuentros con representantes del gobierno nacional y del sector oposici\u00f3n.<\/p>\n\n\n\n<p>La delegaci\u00f3n de la UIP estar\u00e1 en Venezuela entre el 23 y 27 de agosto.<\/p>\n\n\n\n<p>Otros integrantes de la delegaci\u00f3n son&nbsp;<strong>Nassirou Bako-Arif<\/strong>ari, presidente del Comit\u00e9 de los Derechos Humanos de los parlamentarios, y como miembro de la misma,&nbsp;<strong>Samuel Cogolati,<\/strong>&nbsp;as\u00ed como&nbsp;<strong>Esther Anyakun Davinia<\/strong>, del Comit\u00e9 Ejecutivo.<\/p>\n\n\n\n<p>Uni\u00f3n Radio <\/p>\n","protected":false},"excerpt":{"rendered":"<p>En la agenda de los parlamentarios tambi\u00e9n figuran reuniones con rectores del Consejo Nacional Electoral e integrantes del Poder Moral. En horas del mediod\u00eda de este lunes arrib\u00f3 al pa\u00eds el presidente de la Uni\u00f3n Parlamentaria,\u00a0Duarte Pacheco,\u00a0y su equipo para sostener diversos encuentros con representantes del gobierno nacional y del sector oposici\u00f3n. La delegaci\u00f3n de [&hellip;]<\/p>\n","protected":false},"author":2,"featured_media":197418,"comment_status":"closed","ping_status":"closed","sticky":false,"template":"","format":"standard","meta":{"footnotes":""},"categories":[5,11],"tags":[],"class_list":{"0":"post-197417","1":"post","2":"type-post","3":"status-publish","4":"format-standard","5":"has-post-thumbnail","7":"category-destacado","8":"category-politica"},"_links":{"self":[{"href":"https:\/\/elluchador.info\/index.php?rest_route=\/wp\/v2\/posts\/197417","targetHints":{"allow":["GET"]}}],"collection":[{"href":"https:\/\/elluchador.info\/index.php?rest_route=\/wp\/v2\/posts"}],"about":[{"href":"https:\/\/elluchador.info\/index.php?rest_route=\/wp\/v2\/types\/post"}],"author":[{"embeddable":true,"href":"https:\/\/elluchador.info\/index.php?rest_route=\/wp\/v2\/users\/2"}],"replies":[{"embeddable":true,"href":"https:\/\/elluchador.info\/index.php?rest_route=%2Fwp%2Fv2%2Fcomments&post=197417"}],"version-history":[{"count":1,"href":"https:\/\/elluchador.info\/index.php?rest_route=\/wp\/v2\/posts\/197417\/revisions"}],"predecessor-version":[{"id":197419,"href":"https:\/\/elluchador.info\/index.php?rest_route=\/wp\/v2\/posts\/197417\/revisions\/197419"}],"wp:featuredmedia":[{"embeddable":true,"href":"https:\/\/elluchador.info\/index.php?rest_route=\/wp\/v2\/media\/197418"}],"wp:attachment":[{"href":"https:\/\/elluchador.info\/index.php?rest_route=%2Fwp%2Fv2%2Fmedia&parent=197417"}],"wp:term":[{"taxonomy":"category","embeddable":true,"href":"https:\/\/elluchador.info\/index.php?rest_route=%2Fwp%2Fv2%2Fcategories&post=197417"},{"taxonomy":"post_tag","embeddable":true,"href":"https:\/\/elluchador.info\/index.php?rest_route=%2Fwp%2Fv2%2Ftags&post=197417"}],"curies":[{"name":"wp","href":"https:\/\/api.w.org\/{rel}","templated":true}]}}