{"id":197420,"date":"2021-08-23T09:20:29","date_gmt":"2021-08-23T13:20:29","guid":{"rendered":"https:\/\/elluchador.info\/web\/?p=197420"},"modified":"2021-08-23T09:20:30","modified_gmt":"2021-08-23T13:20:30","slug":"en-peru-se-extendio-el-toque-de-queda-nocturno-hasta-el-5-de-septiembre","status":"publish","type":"post","link":"https:\/\/elluchador.info\/?p=197420","title":{"rendered":"En Per\u00fa se extendi\u00f3 el toque de queda nocturno hasta el 5 de septiembre"},"content":{"rendered":"\n<p>Las medidas de restricci\u00f3n de la movilidad debido a la expansi\u00f3n de la pandemia impuestas por el Gobierno de Francisco Sagasti (2020-2021) vencieron el domingo y el actual Ejecutivo decidi\u00f3 extenderlas para evaluar la llegada de una probable tercera ola.<\/p>\n\n\n\n<p>El Gobierno de Per\u00fa extendi\u00f3 el toque de queda nocturno, o inmovilizaci\u00f3n social obligatoria, hasta el 5 de septiembre y el estado de emergencia sanitaria por el covid-19 druante 30 d\u00edas, hasta el 1 de octubre, de acuerdo a decretos supremos publicados en el diario oficial El Peruano.<\/p>\n\n\n\n<p>En ese sentido, el Gobierno de Pedro Castillo extendi\u00f3 el toque de queda, entre la medianoche y las 4 de la ma\u00f1ana, para unas 30 provincias que se encuentran en el nivel de alerta alto.<\/p>\n\n\n\n<p>En el caso de las provincias que se encuentran en un nivel de alerta muy alto, como las selv\u00e1ticas Hu\u00e1nuco y Moyobamba, la inmovilizaci\u00f3n empieza a las 22.00 horas y termina a las 04.00 de la ma\u00f1ana siguiente.<\/p>\n\n\n\n<p>Hasta el mes pasado no hab\u00eda ninguna regi\u00f3n del pa\u00eds en el nivel de alerta extremo debido al descenso de la segunda ola de contagios y muertes por la pandemia.<ins>https:\/\/googleads.g.doubleclick.net\/pagead\/ads?client=ca-pub-7071622250727103&amp;output=html&amp;h=250&amp;adk=3233104859&amp;adf=1325961020&amp;pi=t.aa~a.4279092910~i.9~rp.4&amp;w=750&amp;fwrn=4&amp;fwrnh=100&amp;lmt=1629745815&amp;num_ads=1&amp;rafmt=1&amp;armr=3&amp;sem=mc&amp;pwprc=2667439530&amp;psa=1&amp;ad_type=text_image&amp;format=750&#215;250&amp;url=https%3A%2F%2Funionradio.net%2Fperu-extendio-toque-de-queda-hasta-el-5-de-septiembre-y-emergencia-hasta-octubre%2F&amp;flash=0&amp;fwr=0&amp;pra=3&amp;rh=188&amp;rw=750&amp;rpe=1&amp;resp_fmts=3&amp;wgl=1&amp;fa=27&amp;uach=WyJXaW5kb3dzIiwiNi4xIiwieDg2IiwiIiwiOTIuMC40NTE1LjE1OSIsW10sbnVsbCxudWxsLG51bGxd&amp;tt_state=W3siaXNzdWVyT3JpZ2luIjoiaHR0cHM6Ly9hdHRlc3RhdGlvbi5hbmRyb2lkLmNvbSIsInN0YXRlIjo3fV0.&amp;dt=1629746094840&amp;bpp=3&amp;bdt=1399&amp;idt=-M&amp;shv=r20210818&amp;mjsv=m202108190101&amp;ptt=9&amp;saldr=aa&amp;abxe=1&amp;cookie=ID%3D2aeae2d0b15ff177-226d94d1d3ba0043%3AT%3D1627045588%3ART%3D1629746068%3AS%3DALNI_MYs3zQZstJcdsyblvb-HtuJ_Yum0Q&amp;prev_fmts=0x0%2C750x280%2C750x280&amp;nras=4&amp;correlator=8733559150940&amp;frm=20&amp;pv=1&amp;ga_vid=55699617.1597867604&amp;ga_sid=1629746094&amp;ga_hid=743937395&amp;ga_fc=0&amp;u_tz=-240&amp;u_his=8&amp;u_java=0&amp;u_h=720&amp;u_w=1280&amp;u_ah=680&amp;u_aw=1280&amp;u_cd=24&amp;u_nplug=3&amp;u_nmime=4&amp;adx=62&amp;ady=1749&amp;biw=1263&amp;bih=552&amp;scr_x=0&amp;scr_y=0&amp;eid=44747621%2C21066433%2C21067496%2C31062297&amp;oid=3&amp;pvsid=2027344544193245&amp;pem=899&amp;ref=https%3A%2F%2Funionradio.net%2Fcategory%2Fmundo%2F&amp;eae=0&amp;fc=1408&amp;brdim=0%2C0%2C0%2C0%2C1280%2C0%2C1280%2C680%2C1280%2C552&amp;vis=1&amp;rsz=%7C%7Cs%7C&amp;abl=NS&amp;alvm=r20210819&amp;fu=128&amp;bc=31&amp;ifi=13&amp;uci=a!d&amp;btvi=3&amp;fsb=1&amp;xpc=JQkgSrFRzO&amp;p=https%3A\/\/unionradio.net&amp;dtd=95<\/ins><\/p>\n\n\n\n<p>En estos momentos, el Ministerio de Salud trabaja aceleradamente en la vacunaci\u00f3n de la poblaci\u00f3n adulta, que asciende a 24 millones de habitantes, ante el temor de que una tercera ola golpee al pa\u00eds entre septiembre y octubre pr\u00f3ximos.<\/p>\n\n\n\n<p>En Lima, la capital del pa\u00eds donde vive un tercio de la poblaci\u00f3n total, y el vecino puerto del Callao, el toque de queda empieza a la medianoche y concluye a las 4 de la madrugada siguiente.<\/p>\n\n\n\n<p>En los pr\u00f3ximos 10 d\u00edas, el ministerio de Salud presentar\u00e1 una propuesta de nuevas medidas preventivas, dado que hasta la fecha existen aforos reducidos en una serie de actividades en locales cerrados y la obligaci\u00f3n de usar mascarillas faciales.<\/p>\n\n\n\n<p>Durante la vigencia del estado de emergencia sanitaria quedan restringidos los derechos constitucionales relativos a la libertad y la seguridad personales, la inviolabilidad del domicilio y la libertad de reuni\u00f3n y de tr\u00e1nsito en el territorio.<\/p>\n\n\n\n<p>Hasta el 5 de septiembre, los aforos permitidos en la mayor\u00eda de provincias del pa\u00eds que est\u00e1n en nivel de alerta moderado ser\u00e1n del 50 % en casinos y tragamonedas, gimnasios, cines y artes esc\u00e9nicas, as\u00ed como en centros comerciales, galer\u00edas y tiendas por departamento.<\/p>\n\n\n\n<p>En el caso de restaurantes, templos, museos y clubes deportivos ser\u00e1 del 60 %.<\/p>\n\n\n\n<p>Las actividades al aire libre no tienen restricci\u00f3n de aforo.<\/p>\n\n\n\n<p>A su vez, en las provincias con nivel de alerta alto los aforos en lugares cerrados se reducen al 40 % y en restaurantes al 50 % de su capacidad.<\/p>\n\n\n\n<p>Dado que pr\u00e1cticamente todas las actividades comerciales y productivas han sido reactivadas hasta la fecha, con distinto nivel de aforo y protocolos, varios colectivos de padres de familia y docentes marcharon el \u00faltimo s\u00e1bado en Lima para pedir el retorno a las clases presenciales, suspendidas desde fines del 2019.<\/p>\n\n\n\n<p>EFE<\/p>\n\n\n\n<p><a href=\"https:\/\/unionradio.net\/sao-paulo-exigira-certificado-de-vacunacion-contra-la-covid-19-para-visitar-bares-y-comercios\/\"><\/a><\/p>\n","protected":false},"excerpt":{"rendered":"<p>Las medidas de restricci\u00f3n de la movilidad debido a la expansi\u00f3n de la pandemia impuestas por el Gobierno de Francisco Sagasti (2020-2021) vencieron el domingo y el actual Ejecutivo decidi\u00f3 extenderlas para evaluar la llegada de una probable tercera ola. El Gobierno de Per\u00fa extendi\u00f3 el toque de queda nocturno, o inmovilizaci\u00f3n social obligatoria, hasta [&hellip;]<\/p>\n","protected":false},"author":2,"featured_media":190583,"comment_status":"closed","ping_status":"closed","sticky":false,"template":"","format":"standard","meta":{"footnotes":""},"categories":[5,8],"tags":[],"class_list":{"0":"post-197420","1":"post","2":"type-post","3":"status-publish","4":"format-standard","5":"has-post-thumbnail","7":"category-destacado","8":"category-internacionales"},"_links":{"self":[{"href":"https:\/\/elluchador.info\/index.php?rest_route=\/wp\/v2\/posts\/197420","targetHints":{"allow":["GET"]}}],"collection":[{"href":"https:\/\/elluchador.info\/index.php?rest_route=\/wp\/v2\/posts"}],"about":[{"href":"https:\/\/elluchador.info\/index.php?rest_route=\/wp\/v2\/types\/post"}],"author":[{"embeddable":true,"href":"https:\/\/elluchador.info\/index.php?rest_route=\/wp\/v2\/users\/2"}],"replies":[{"embeddable":true,"href":"https:\/\/elluchador.info\/index.php?rest_route=%2Fwp%2Fv2%2Fcomments&post=197420"}],"version-history":[{"count":1,"href":"https:\/\/elluchador.info\/index.php?rest_route=\/wp\/v2\/posts\/197420\/revisions"}],"predecessor-version":[{"id":197421,"href":"https:\/\/elluchador.info\/index.php?rest_route=\/wp\/v2\/posts\/197420\/revisions\/197421"}],"wp:featuredmedia":[{"embeddable":true,"href":"https:\/\/elluchador.info\/index.php?rest_route=\/wp\/v2\/media\/190583"}],"wp:attachment":[{"href":"https:\/\/elluchador.info\/index.php?rest_route=%2Fwp%2Fv2%2Fmedia&parent=197420"}],"wp:term":[{"taxonomy":"category","embeddable":true,"href":"https:\/\/elluchador.info\/index.php?rest_route=%2Fwp%2Fv2%2Fcategories&post=197420"},{"taxonomy":"post_tag","embeddable":true,"href":"https:\/\/elluchador.info\/index.php?rest_route=%2Fwp%2Fv2%2Ftags&post=197420"}],"curies":[{"name":"wp","href":"https:\/\/api.w.org\/{rel}","templated":true}]}}