{"id":197422,"date":"2021-08-23T09:24:56","date_gmt":"2021-08-23T13:24:56","guid":{"rendered":"https:\/\/elluchador.info\/web\/?p=197422"},"modified":"2021-08-23T09:24:58","modified_gmt":"2021-08-23T13:24:58","slug":"pentagono-anuncio-que-la-retirada-de-afganistan-sera-hasta-finales-de-agosto","status":"publish","type":"post","link":"https:\/\/elluchador.info\/?p=197422","title":{"rendered":"Pent\u00e1gono anunci\u00f3 que la retirada de Afganist\u00e1n ser\u00e1 hasta finales de agosto"},"content":{"rendered":"\n<p><strong>Pent\u00e1gono<\/strong>&nbsp;insisti\u00f3 este lunes en que quiere culminar la retirada de las fuerzas de EE.UU. de Afganist\u00e1n para el 31 de agosto, pese que e<strong>l presidente estadounidense, Joe Biden<\/strong>, no descarta que el plazo pueda extenderse.<\/p>\n\n\n\n<blockquote class=\"wp-block-quote is-layout-flow wp-block-quote-is-layout-flow\"><p>As\u00ed lo afirm\u00f3 el portavoz del Departamento de Defensa de EE.UU.,&nbsp;<strong>John Kirby,<\/strong>&nbsp;en una rueda de prensa en Washington.<\/p><\/blockquote>\n\n\n\n<p><strong>\u00abEstamos centrado en terminar esto para finales de mes\u00bb,<\/strong>&nbsp;subray\u00f3 Kirby, en respuesta a una pregunta al respecto.<br>Aun as\u00ed, indic\u00f3 que si es necesaria una extensi\u00f3n de ese plazo, el Pent\u00e1gono ofrecer\u00e1 opciones al presidente para que tome la decisi\u00f3n correcta.<\/p>\n\n\n\n<blockquote class=\"wp-block-quote is-layout-flow wp-block-quote-is-layout-flow\"><p>Biden afirm\u00f3 el domingo que espera cumplir con la evacuaci\u00f3n de Afganist\u00e1n para el pr\u00f3ximo 31 de agosto, aunque advirti\u00f3 que podr\u00eda ampliarse dada la peligrosidad en aeropuerto de Kabul y el riesgo de ataques terroristas.<\/p><\/blockquote>\n\n\n\n<p>\u00abHay discusiones sobre la extensi\u00f3n. Nuestra esperanza es que no tengamos que hacerlo\u00bb, se\u00f1al\u00f3 Biden en la Casa Blanca.<\/p>\n\n\n\n<p>De acuerdo con los datos proporcionados por el Departamento de Defensa de EE.UU. este lunes,&nbsp;<strong>actualmente hay desplegados 5.800 soldados estadounidenses en el aeropuerto para garantizar<\/strong>&nbsp;la seguridad de sus nacionales y colaboradores afganos que est\u00e1n siendo evacuados de Afganist\u00e1n, tras el ascenso de los talibanes al poder.<\/p>\n\n\n\n<blockquote class=\"wp-block-quote is-layout-flow wp-block-quote-is-layout-flow\"><p><strong>EE.UU. ha sacado desde el 14 de agosto a 37.000 personas de Afganist\u00e1n, una cifra que asciende a 42.000 si se empieza a contar desde finales de julio.<\/strong><\/p><\/blockquote>\n\n\n\n<p>En un proceso m\u00e1s lento de lo esperado, Estados Unidos ha evacuado a unas 37.000 personas de Afganist\u00e1n desde el pasado 14 de agosto, aunque m\u00e1s de 10.000 de ellas han logrado abandonar el pa\u00eds solo en las \u00faltimas 24 horas.<\/p>\n\n\n\n<p>Ante esta posibilidad, el portavoz de los talibanes Suhail Shaheen ha reiterado que esta fecha es un asunto que debe cumplirse, al considerarse como \u00abuna l\u00ednea roja\u00bb sobre los l\u00edmites que han sido permitidos para la retirada.<\/p>\n\n\n\n<p>La extensi\u00f3n de las evacuaciones \u00abcrear\u00e1 desconfianza entre nosotros.<strong>&nbsp;Si hay intenci\u00f3n de continuar la ocupaci\u00f3n esto provocar\u00e1 una reacci\u00f3n<\/strong>\u00ab, agreg\u00f3 Shaheen.<\/p>\n\n\n\n<p>EFE<a href=\"https:\/\/unionradio.net\/peru-extendio-toque-de-queda-hasta-el-5-de-septiembre-y-emergencia-hasta-octubre\/\"><\/a><\/p>\n","protected":false},"excerpt":{"rendered":"<p>Pent\u00e1gono&nbsp;insisti\u00f3 este lunes en que quiere culminar la retirada de las fuerzas de EE.UU. de Afganist\u00e1n para el 31 de agosto, pese que el presidente estadounidense, Joe Biden, no descarta que el plazo pueda extenderse. As\u00ed lo afirm\u00f3 el portavoz del Departamento de Defensa de EE.UU.,&nbsp;John Kirby,&nbsp;en una rueda de prensa en Washington. \u00abEstamos centrado [&hellip;]<\/p>\n","protected":false},"author":2,"featured_media":0,"comment_status":"closed","ping_status":"closed","sticky":false,"template":"","format":"standard","meta":{"footnotes":""},"categories":[5,8],"tags":[],"class_list":{"0":"post-197422","1":"post","2":"type-post","3":"status-publish","4":"format-standard","6":"category-destacado","7":"category-internacionales"},"_links":{"self":[{"href":"https:\/\/elluchador.info\/index.php?rest_route=\/wp\/v2\/posts\/197422","targetHints":{"allow":["GET"]}}],"collection":[{"href":"https:\/\/elluchador.info\/index.php?rest_route=\/wp\/v2\/posts"}],"about":[{"href":"https:\/\/elluchador.info\/index.php?rest_route=\/wp\/v2\/types\/post"}],"author":[{"embeddable":true,"href":"https:\/\/elluchador.info\/index.php?rest_route=\/wp\/v2\/users\/2"}],"replies":[{"embeddable":true,"href":"https:\/\/elluchador.info\/index.php?rest_route=%2Fwp%2Fv2%2Fcomments&post=197422"}],"version-history":[{"count":1,"href":"https:\/\/elluchador.info\/index.php?rest_route=\/wp\/v2\/posts\/197422\/revisions"}],"predecessor-version":[{"id":197423,"href":"https:\/\/elluchador.info\/index.php?rest_route=\/wp\/v2\/posts\/197422\/revisions\/197423"}],"wp:attachment":[{"href":"https:\/\/elluchador.info\/index.php?rest_route=%2Fwp%2Fv2%2Fmedia&parent=197422"}],"wp:term":[{"taxonomy":"category","embeddable":true,"href":"https:\/\/elluchador.info\/index.php?rest_route=%2Fwp%2Fv2%2Fcategories&post=197422"},{"taxonomy":"post_tag","embeddable":true,"href":"https:\/\/elluchador.info\/index.php?rest_route=%2Fwp%2Fv2%2Ftags&post=197422"}],"curies":[{"name":"wp","href":"https:\/\/api.w.org\/{rel}","templated":true}]}}