{"id":197440,"date":"2021-08-24T04:47:10","date_gmt":"2021-08-24T08:47:10","guid":{"rendered":"https:\/\/elluchador.info\/web\/?p=197440"},"modified":"2021-08-24T04:47:14","modified_gmt":"2021-08-24T08:47:14","slug":"en-solitario-bandera-de-afganistan-desfila-en-los-paralimpicos-en-homenaje-a-su-ausencia","status":"publish","type":"post","link":"https:\/\/elluchador.info\/?p=197440","title":{"rendered":"En solitario: Bandera de Afganist\u00e1n \u00abdesfila\u00bb en los Paral\u00edmpicos en homenaje a su ausencia"},"content":{"rendered":"\n<p>La bandera de Afganist\u00e1n desfil\u00f3 este martes en solitario en la ceremonia de inauguraci\u00f3n de los Juegos Paral\u00edmpicos de Tokio en homenaje a la ausencia de los dos paratletas que no pudieron volar a Jap\u00f3n a ra\u00edz de la toma de poder por los talibanes.<\/p>\n\n\n\n<p>La ense\u00f1a del pa\u00eds de Oriente Medio sali\u00f3 poco despu\u00e9s del arranque del desfile de los paratletas, que abrieron el equipo de refugiados y el de Islandia, siguiendo el orden, como ya ocurriera en el desfile de los Juegos Ol\u00edmpicos, basado en el alfabeto nip\u00f3n.<\/p>\n\n\n\n<p>La bandera afgana sali\u00f3 portada por un voluntario en un gesto de solidaridad con la situaci\u00f3n del pa\u00eds, donde los vuelos comerciales han sido suspendidos y contin\u00faan las labores para evacuar a las personas que se han visto envueltas en el caos desatado por la vuelta al poder del grupo integrista tras 20 a\u00f1os de guerra.<\/p>\n\n\n\n<p>Estaba inicialmente previsto que fuera un representante del Alto Comisionado de las Naciones Unidas para los Refugiados (Acnur) quien llevara la bandera afgana en la ceremonia, pero los organizadores lo descartaron finalmente para que fuera un acto m\u00e1s neutral, seg\u00fan explic\u00f3 hoy el director de comunicaciones del Comit\u00e9 Paral\u00edmpico Internacional (CPI), Craig Spence.<\/p>\n\n\n\n<p>La turbulenta situaci\u00f3n pol\u00edtica en el pa\u00eds ha impactado a su participaci\u00f3n en los Juegos Paral\u00edmpicos, en los que Afganist\u00e1n iba a tener dos representantes, la taekwondista Zakia Khudadadi y el atleta Hossain Rasouli, que no pudieron desplazarse.<\/p>\n\n\n\n<p>Khudadadi, quien se iba a convertirse en la primera mujer en representar al pa\u00eds de Oriente Medio en unos Paral\u00edmpicos, public\u00f3 un v\u00eddeo a trav\u00e9s de las redes sociales la semana pasada pidiendo ayuda para poder participar en los Juegos de Tokio.<\/p>\n\n\n\n<p>Quien s\u00ed competir\u00e1 en la capital nipona es el nadador Abbas Karimi, nacido en Afganist\u00e1n pero que formar\u00e1 parte del equipo de refugiados debido a que se march\u00f3 de su pa\u00eds con 16 a\u00f1os, y que desfil\u00f3 junto al resto de su equipo en primer lugar del acto.<\/p>\n\n\n\n<p>Los paratletas desfilaron en el interior del Estadio Ol\u00edmpico de Tokio, convertido en un aeropuerto y ante el recibimiento de decenas de azafatos ataviados con dispositivos similares al \u00abgorroc\u00f3ptero\u00bb popularizado en la serie de animaci\u00f3n Doraemon, donde sus protagonistas los usan para echar a volar.<\/p>\n\n\n\n<p><strong>EFE<\/strong><\/p>\n","protected":false},"excerpt":{"rendered":"<p>La bandera de Afganist\u00e1n desfil\u00f3 este martes en solitario en la ceremonia de inauguraci\u00f3n de los Juegos Paral\u00edmpicos de Tokio en homenaje a la ausencia de los dos paratletas que no pudieron volar a Jap\u00f3n a ra\u00edz de la toma de poder por los talibanes. La ense\u00f1a del pa\u00eds de Oriente Medio sali\u00f3 poco despu\u00e9s [&hellip;]<\/p>\n","protected":false},"author":2,"featured_media":197441,"comment_status":"closed","ping_status":"closed","sticky":false,"template":"","format":"standard","meta":{"footnotes":""},"categories":[8],"tags":[],"class_list":{"0":"post-197440","1":"post","2":"type-post","3":"status-publish","4":"format-standard","5":"has-post-thumbnail","7":"category-internacionales"},"_links":{"self":[{"href":"https:\/\/elluchador.info\/index.php?rest_route=\/wp\/v2\/posts\/197440","targetHints":{"allow":["GET"]}}],"collection":[{"href":"https:\/\/elluchador.info\/index.php?rest_route=\/wp\/v2\/posts"}],"about":[{"href":"https:\/\/elluchador.info\/index.php?rest_route=\/wp\/v2\/types\/post"}],"author":[{"embeddable":true,"href":"https:\/\/elluchador.info\/index.php?rest_route=\/wp\/v2\/users\/2"}],"replies":[{"embeddable":true,"href":"https:\/\/elluchador.info\/index.php?rest_route=%2Fwp%2Fv2%2Fcomments&post=197440"}],"version-history":[{"count":2,"href":"https:\/\/elluchador.info\/index.php?rest_route=\/wp\/v2\/posts\/197440\/revisions"}],"predecessor-version":[{"id":197443,"href":"https:\/\/elluchador.info\/index.php?rest_route=\/wp\/v2\/posts\/197440\/revisions\/197443"}],"wp:featuredmedia":[{"embeddable":true,"href":"https:\/\/elluchador.info\/index.php?rest_route=\/wp\/v2\/media\/197441"}],"wp:attachment":[{"href":"https:\/\/elluchador.info\/index.php?rest_route=%2Fwp%2Fv2%2Fmedia&parent=197440"}],"wp:term":[{"taxonomy":"category","embeddable":true,"href":"https:\/\/elluchador.info\/index.php?rest_route=%2Fwp%2Fv2%2Fcategories&post=197440"},{"taxonomy":"post_tag","embeddable":true,"href":"https:\/\/elluchador.info\/index.php?rest_route=%2Fwp%2Fv2%2Ftags&post=197440"}],"curies":[{"name":"wp","href":"https:\/\/api.w.org\/{rel}","templated":true}]}}