{"id":197489,"date":"2021-08-24T12:43:17","date_gmt":"2021-08-24T16:43:17","guid":{"rendered":"https:\/\/elluchador.info\/web\/?p=197489"},"modified":"2021-08-24T12:43:19","modified_gmt":"2021-08-24T16:43:19","slug":"gianluca-rampolla-nuevo-coordinador-de-la-onu-enfatizo-compromiso-con-venezuela","status":"publish","type":"post","link":"https:\/\/elluchador.info\/?p=197489","title":{"rendered":"Gianluca Rampolla nuevo coordinador de la ONU enfatiz\u00f3 compromiso con Venezuela"},"content":{"rendered":"\n<p><strong>Rampolla lleg\u00f3 al pa\u00eds este martes,<\/strong>&nbsp;de acuerdo a una publicaci\u00f3n de la ONU Venezuela en Twitter<ins><\/ins><\/p>\n\n\n\n<p><strong>Gianluca Rampolla,<\/strong>\u00a0ser\u00e1 el nuevo coordinador\u00a0<strong>Residente y Humanitario del Sistema de Naciones Unida<\/strong>s para Venezuela, tras ser nombrado el pasado 18 de agosto por el secretario general de la ONU, Ant\u00f3nio Guterres.<\/p>\n\n\n\n<p>El nuevo representante del organismo internacional\u00a0<strong>cuenta con 20 a\u00f1os de experiencia<\/strong>\u00a0en la coordinaci\u00f3n para el desarrollo, la asistencia humanitaria,\u00a0<strong>\u00abtanto en las Naciones Unidas como externamente\u00bb.<\/strong><\/p>\n\n\n\n<p>Antes de incorporarse al equipo de Naciones Unidas, Rampolla trabaj\u00f3 en la&nbsp;<strong>Organizaci\u00f3n para la Seguridad y la Cooperaci\u00f3n en Europa,<\/strong>&nbsp;cumpliendo asignaciones en los&nbsp;<strong>Balcanes Occidentales y Asia Central.<\/strong><\/p>\n\n\n\n<p>La viceministra de Relaciones Exteriores,<strong>&nbsp;Daniela Rodr\u00edguez<\/strong>, manifest\u00f3 su inter\u00e9s en \u00abfortalecer\u00bb la cooperaci\u00f3n con el organismo.<\/p>\n\n\n\n<blockquote class=\"wp-block-quote is-layout-flow wp-block-quote-is-layout-flow\"><p>\u00abEstuvimos en nombre del canciller, F\u00e9lix Plasencia, dando la bienvenida al nuevo coordinador residente de las Naciones Unidas en Venezuela, el Excmo. Sr. Gianluca Rampolla. Confiamos en que su venida servir\u00e1 para fortalecer, a\u00fan m\u00e1s, el esp\u00edritu de cooperaci\u00f3n existente\u00bb, explic\u00f3 Rodr\u00edguez en su cuenta de Twitter.<\/p><\/blockquote>\n\n\n\n<p>Uni\u00f3n Radio <\/p>\n","protected":false},"excerpt":{"rendered":"<p>Rampolla lleg\u00f3 al pa\u00eds este martes,&nbsp;de acuerdo a una publicaci\u00f3n de la ONU Venezuela en Twitter Gianluca Rampolla,\u00a0ser\u00e1 el nuevo coordinador\u00a0Residente y Humanitario del Sistema de Naciones Unidas para Venezuela, tras ser nombrado el pasado 18 de agosto por el secretario general de la ONU, Ant\u00f3nio Guterres. El nuevo representante del organismo internacional\u00a0cuenta con 20 [&hellip;]<\/p>\n","protected":false},"author":2,"featured_media":163073,"comment_status":"closed","ping_status":"closed","sticky":false,"template":"","format":"standard","meta":{"footnotes":""},"categories":[5,8],"tags":[],"class_list":{"0":"post-197489","1":"post","2":"type-post","3":"status-publish","4":"format-standard","5":"has-post-thumbnail","7":"category-destacado","8":"category-internacionales"},"_links":{"self":[{"href":"https:\/\/elluchador.info\/index.php?rest_route=\/wp\/v2\/posts\/197489","targetHints":{"allow":["GET"]}}],"collection":[{"href":"https:\/\/elluchador.info\/index.php?rest_route=\/wp\/v2\/posts"}],"about":[{"href":"https:\/\/elluchador.info\/index.php?rest_route=\/wp\/v2\/types\/post"}],"author":[{"embeddable":true,"href":"https:\/\/elluchador.info\/index.php?rest_route=\/wp\/v2\/users\/2"}],"replies":[{"embeddable":true,"href":"https:\/\/elluchador.info\/index.php?rest_route=%2Fwp%2Fv2%2Fcomments&post=197489"}],"version-history":[{"count":1,"href":"https:\/\/elluchador.info\/index.php?rest_route=\/wp\/v2\/posts\/197489\/revisions"}],"predecessor-version":[{"id":197490,"href":"https:\/\/elluchador.info\/index.php?rest_route=\/wp\/v2\/posts\/197489\/revisions\/197490"}],"wp:featuredmedia":[{"embeddable":true,"href":"https:\/\/elluchador.info\/index.php?rest_route=\/wp\/v2\/media\/163073"}],"wp:attachment":[{"href":"https:\/\/elluchador.info\/index.php?rest_route=%2Fwp%2Fv2%2Fmedia&parent=197489"}],"wp:term":[{"taxonomy":"category","embeddable":true,"href":"https:\/\/elluchador.info\/index.php?rest_route=%2Fwp%2Fv2%2Fcategories&post=197489"},{"taxonomy":"post_tag","embeddable":true,"href":"https:\/\/elluchador.info\/index.php?rest_route=%2Fwp%2Fv2%2Ftags&post=197489"}],"curies":[{"name":"wp","href":"https:\/\/api.w.org\/{rel}","templated":true}]}}