{"id":197523,"date":"2021-08-24T18:07:10","date_gmt":"2021-08-24T22:07:10","guid":{"rendered":"https:\/\/elluchador.info\/web\/?p=197523"},"modified":"2021-08-24T18:07:12","modified_gmt":"2021-08-24T22:07:12","slug":"biden-justifica-retirada-abrupta-de-kabul-por-riesgo-a-un-atentado-de-isis","status":"publish","type":"post","link":"https:\/\/elluchador.info\/?p=197523","title":{"rendered":"Biden justifica retirada abrupta de Kabul por riesgo a un atentado de ISIS"},"content":{"rendered":"\n<p><br>\u00abCada d\u00eda que estamos sobre el terreno es un d\u00eda m\u00e1s en el que sabemos que el ISIS-K est\u00e1 tratando de atacar el aeropuerto y atacar tanto a Estados Unidos como a las fuerzas aliadas\u00bb<\/p>\n\n\n\n<p>El presidente Joe Biden dijo el martes que el puente a\u00e9reo de evacuaci\u00f3n liderado por Estados Unidos desde Afganist\u00e1n tiene que terminar pronto debido a la creciente amenaza del brazo afgano del grupo autodenominado Estado Isl\u00e1mico (ISIS).<\/p>\n\n\n\n<p>Cuanto m\u00e1s tiempo permanezca Estados Unidos en el pa\u00eds, dijo Biden, existe un \u00abriesgo agudo y creciente de un ataque de un grupo terrorista conocido como ISIS-K\u00bb, o Estado Isl\u00e1mico-Khorasan, rese\u00f1\u00f3 AFP.<\/p>\n\n\n\n<p>\u00abCada d\u00eda que estamos sobre el terreno es un d\u00eda m\u00e1s en el que sabemos que el ISIS-K est\u00e1 tratando de atacar el aeropuerto y atacar tanto a Estados Unidos como a las fuerzas aliadas\u00bb, a\u00f1adi\u00f3.<\/p>\n\n\n\n<p>Poco antes, Biden hab\u00eda dicho a los l\u00edderes del G7 que Estados Unidos estaba \u00aben v\u00edas\u00bb de completar su retirada militar de Afganist\u00e1n para el 31 de agosto, pero que se estaban elaborando planes de contingencia en caso de que no se pudiera cumplir el plazo autoimpuesto.<\/p>\n\n\n\n<p>Hasta el momento, casi 60.000 personas, entre extranjeros y afganos, han sido evacuadas del pa\u00eds desde el aeropuerto de Kabul desde el 14 de agosto, la mayor\u00eda de ellas en vuelos militares estadounidenses, seg\u00fan cifras de Washington. Pero una multitud sigue congregada fuera de las instalaciones esperando la oportunidad de salir.<\/p>\n\n\n\n<p>Los fundamentalistas islamistas reiteraron el martes que se opon\u00edan a que se extienda el plazo m\u00e1s all\u00e1 del 31 de agosto, fecha en la que est\u00e1 prevista la retirada total de las tropas extranjeras.<\/p>\n\n\n\n<p>Uno de los portavoces del movimiento, Zabihullah Mujahid, acus\u00f3 a las potencias extranjeras se evacuar a \u00abexpertos afganos\u00bb, como ingenieros. \u00abLes pedimos que cesen estas operaciones\u00bb, exigi\u00f3.<\/p>\n\n\n\n<p>\u00abTienen aviones, tienen el aeropuerto, deber\u00edan sacar a sus ciudadanos y contratistas de aqu\u00ed\u00bb, dijo. Pero \u00abno deber\u00edan incitar a los afganos a huir de Afganist\u00e1n\u00bb.<\/p>\n\n\n\n<p>La portavoz de la Casa Blanca, Jen Psaki, dijo que Biden hab\u00eda dicho a los l\u00edderes del G7 que la misi\u00f3n en Kabul \u00abterminar\u00e1 en funci\u00f3n del logro de nuestros objetivos\u00bb de Estados Unidos.<\/p>\n\n\n\n<p>A\u00f1adi\u00f3 que \u00abla finalizaci\u00f3n de la misi\u00f3n para el 31 de agosto depende de la coordinaci\u00f3n continua con los talibanes, incluyendo el acceso continuo de los evacuados al aeropuerto\u00bb.<\/p>\n\n\n\n<p>\u00abEl presidente ha pedido al Pent\u00e1gono y al Departamento de Estado planes de contingencia para ajustar el calendario en caso de que sea necesario\u00bb, coment\u00f3 la portavoz.<\/p>\n\n\n\n<p>\u00abTendr\u00e1n que rendir cuentas\u00bb<\/p>\n\n\n\n<p>Los pa\u00edses europeos han dicho que no podr\u00e1n transportar por aire a todos los afganos en peligro antes de la fecha l\u00edmite del 31 de agosto y Biden se ha enfrentado a peticiones de todos los rincones para ampliar el plazo de evacuaci\u00f3n.<\/p>\n\n\n\n<p>El lunes, los talibanes &#8211;que pusieron fin a dos d\u00e9cadas de guerra con una ofensiva fulgurante que les hizo apoderarse de Kabul el 15 de agosto y controlar la mayor\u00eda del pa\u00eds&#8211; dijeron que el plazo del 31 de agosto era el l\u00edmite y amenazaron con \u00abconsecuencias\u00bb si los pa\u00edses occidentales alargaban la \u00abocupaci\u00f3n\u00bb.<\/p>\n\n\n\n<p>El G7, en su comunicado final, pidi\u00f3 a los talibanes \u00abgarantizar\u00bb un \u00abpaso seguro\u00bb m\u00e1s all\u00e1 del actual plazo del 31 de agosto para quienes quieren abandonar Afganist\u00e1n.<\/p>\n\n\n\n<p>Este pedido es la \u00abprimera condici\u00f3n que ponemos\u00bb al nuevo r\u00e9gimen talib\u00e1n, indic\u00f3 el primer ministro brit\u00e1nico, Boris Johnson.<\/p>\n\n\n\n<p>El grupo advirti\u00f3 tambi\u00e9n a los fundamentalistas que \u00abtendr\u00e1n que rendir cuentas por sus acciones para prevenir el terrorismo y sobre los derechos humanos, especialmente los de las mujeres\u00bb.<\/p>\n\n\n\n<p>Subray\u00f3 adem\u00e1s que Afganist\u00e1n \u00abno debe volver a ser un refugio para el terrorismo y una fuente de ataques terroristas contra otros pa\u00edses\u00bb.<\/p>\n\n\n\n<p>Mujeres funcionarias<\/p>\n\n\n\n<p>En Afganist\u00e1n, aquellos ciudadanos que trabajaron para gobiernos o empresas extranjeras en los \u00faltimos a\u00f1os, artistas o aquellas personas que defendieron la apertura del pa\u00eds y los derechos de mujeres o minor\u00edas, saben que son blancos potenciales de los extremistas.<\/p>\n\n\n\n<p>El martes, en su rueda de prensa, el portavoz talib\u00e1n asegur\u00f3 sin embargo que las funcionarias afganas podr\u00e1n volver al trabajo cuando est\u00e9 \u00abgarantizada la seguridad\u00bb.<\/p>\n\n\n\n<p>\u00abQueremos que trabajen pero tambi\u00e9n que la seguridad sea buena\u00bb para ello, afirm\u00f3 Zabihullah Mujahid, que recalc\u00f3 que por el momento las mujeres deben quedarse en casa.<\/p>\n\n\n\n<p>La Alta Comisionada de la ONU para los Derechos Humanos, Michelle Bachelet, advirti\u00f3 este martes que el trato que los talibanes reserven a las mujeres, especialmente en lo relativo a su derecho a la educaci\u00f3n, representar\u00e1 una \u00abl\u00ednea roja\u00bb.<\/p>\n\n\n\n<p>Bachelet subray\u00f3 que hab\u00eda recibido \u00abinformaciones cre\u00edbles sobre graves violaciones del derecho humanitario internacional y ataques contra los derechos humanos en numerosas zonas bajo control talib\u00e1n\u00bb.<\/p>\n\n\n\n<p>La Organizaci\u00f3n Mundial de la Salud (OMS) advirti\u00f3 por su parte que que s\u00f3lo cuenta con suficientes suministros sanitarios en el pa\u00eds para \u00abuna semana\u00bb.<\/p>\n\n\n\n<p>Los talibanes, que trabajan en la formaci\u00f3n de un nuevo gobierno, aseguran haber cambiado con respecto a hace 20 a\u00f1os, cuando instauraron un r\u00e9gimen fundamentalista y brutal entre 1996 y 2001.<\/p>\n\n\n\n<p>Pero un informe de un grupo de expertos de la ONU publicado la semana pasada concluy\u00f3 que los islamistas van de \u00abpuerta por puerta\u00bb buscando gente que trabaj\u00f3 con el antiguo gobierno o las tropas internacionales.<\/p>\n\n\n\n<p>Los fundamentalistas han impuesto cierta calma en la capital, donde patrullan las calles, pero el miedo sigue presente y muchos ciudadanos, sobre todo mujeres, no se arriesgan a salir.<\/p>\n\n\n\n<p>Un n\u00facleo de resistencia a los talibanes persiste en el valle del Panshir, al noreste de Kabul, llamado el Frente Nacional de Resistencia (FNR). Est\u00e1 liderado por Ahmad Masud, hijo del c\u00e9lebre comandante Masud, asesinado en 2001, y por Amrullah Saleh, vicepresidente del gobierno derrocado. AFP<\/p>\n","protected":false},"excerpt":{"rendered":"<p>\u00abCada d\u00eda que estamos sobre el terreno es un d\u00eda m\u00e1s en el que sabemos que el ISIS-K est\u00e1 tratando de atacar el aeropuerto y atacar tanto a Estados Unidos como a las fuerzas aliadas\u00bb El presidente Joe Biden dijo el martes que el puente a\u00e9reo de evacuaci\u00f3n liderado por Estados Unidos desde Afganist\u00e1n tiene [&hellip;]<\/p>\n","protected":false},"author":2,"featured_media":197524,"comment_status":"closed","ping_status":"closed","sticky":false,"template":"","format":"standard","meta":{"footnotes":""},"categories":[5,8],"tags":[],"class_list":{"0":"post-197523","1":"post","2":"type-post","3":"status-publish","4":"format-standard","5":"has-post-thumbnail","7":"category-destacado","8":"category-internacionales"},"_links":{"self":[{"href":"https:\/\/elluchador.info\/index.php?rest_route=\/wp\/v2\/posts\/197523","targetHints":{"allow":["GET"]}}],"collection":[{"href":"https:\/\/elluchador.info\/index.php?rest_route=\/wp\/v2\/posts"}],"about":[{"href":"https:\/\/elluchador.info\/index.php?rest_route=\/wp\/v2\/types\/post"}],"author":[{"embeddable":true,"href":"https:\/\/elluchador.info\/index.php?rest_route=\/wp\/v2\/users\/2"}],"replies":[{"embeddable":true,"href":"https:\/\/elluchador.info\/index.php?rest_route=%2Fwp%2Fv2%2Fcomments&post=197523"}],"version-history":[{"count":1,"href":"https:\/\/elluchador.info\/index.php?rest_route=\/wp\/v2\/posts\/197523\/revisions"}],"predecessor-version":[{"id":197525,"href":"https:\/\/elluchador.info\/index.php?rest_route=\/wp\/v2\/posts\/197523\/revisions\/197525"}],"wp:featuredmedia":[{"embeddable":true,"href":"https:\/\/elluchador.info\/index.php?rest_route=\/wp\/v2\/media\/197524"}],"wp:attachment":[{"href":"https:\/\/elluchador.info\/index.php?rest_route=%2Fwp%2Fv2%2Fmedia&parent=197523"}],"wp:term":[{"taxonomy":"category","embeddable":true,"href":"https:\/\/elluchador.info\/index.php?rest_route=%2Fwp%2Fv2%2Fcategories&post=197523"},{"taxonomy":"post_tag","embeddable":true,"href":"https:\/\/elluchador.info\/index.php?rest_route=%2Fwp%2Fv2%2Ftags&post=197523"}],"curies":[{"name":"wp","href":"https:\/\/api.w.org\/{rel}","templated":true}]}}