{"id":197544,"date":"2021-08-25T08:29:18","date_gmt":"2021-08-25T12:29:18","guid":{"rendered":"https:\/\/elluchador.info\/web\/?p=197544"},"modified":"2021-08-25T08:29:21","modified_gmt":"2021-08-25T12:29:21","slug":"ue-destinara-mas-de-200-millones-de-euros-en-ayuda-humanitaria-para-afganistan","status":"publish","type":"post","link":"https:\/\/elluchador.info\/?p=197544","title":{"rendered":"UE destinar\u00e1 m\u00e1s de 200 millones de euros en ayuda humanitaria para Afganist\u00e1n"},"content":{"rendered":"\n<p>La Uni\u00f3n Europea (UE) incrementar\u00e1 su ayuda humanitaria para el pueblo afgano a m\u00e1s de 200 millones de euros (236 millones de d\u00f3lares), anunci\u00f3 hoy la presidenta de la Comisi\u00f3n Europea, Ursula von der Leyen.<\/p>\n\n\n\n<p>\u00abEn la llamada de hoy de los l\u00edderes del G7 anunciar\u00e9 un incremento en el apoyo humanitario para los afganos, en el pa\u00eds y los alrededores, proveniente del presupuesto de la UE, de m\u00e1s de 50 millones a m\u00e1s de 200 millones. Esta ayuda humanitaria es adicional a las contribuciones de los Estados miembros para ayudar al pueblo de Afganist\u00e1n\u00bb, dijo Von der Leyen en Twitter.<\/p>\n\n\n\n<p>Estos 200 millones de euros ser\u00e1n adicionales a los 57 millones de euros ya asignados de ayuda humanitaria, indic\u00f3 el portavoz en jefe de la Comisi\u00f3n Europea, Eric Mamer.<\/p>\n\n\n\n<p>Para asegurarnos de que el dinero sea utilizado para ayudar a quienes requieren ayuda humanitaria, se ha establecido un \u00abrobusto\u00bb compromiso contractual con las organizaciones socias, incluyendo informes sobre la manera en que son utilizados los recursos en el terreno, dijo Mamer.<\/p>\n\n\n\n<p>A pesar de la retirada de los soldados y el personal de la Organizaci\u00f3n del Tratado del Atl\u00e1ntico Norte (OTAN) de Afganist\u00e1n, la mayor\u00eda de las organizaciones no gubernamentales siguen operando en el pa\u00eds, de acuerdo con Mamer.<\/p>\n\n\n\n<p>Todo el personal de la UE que ten\u00eda que ser evacuado de Afganist\u00e1n ha sido evacuado, dijo Mamer, quien se\u00f1al\u00f3 que todav\u00eda se mantiene una presencia esencial en el aeropuerto.<\/p>\n\n\n\n<p><strong>Xinhua<\/strong><\/p>\n","protected":false},"excerpt":{"rendered":"<p>La Uni\u00f3n Europea (UE) incrementar\u00e1 su ayuda humanitaria para el pueblo afgano a m\u00e1s de 200 millones de euros (236 millones de d\u00f3lares), anunci\u00f3 hoy la presidenta de la Comisi\u00f3n Europea, Ursula von der Leyen. \u00abEn la llamada de hoy de los l\u00edderes del G7 anunciar\u00e9 un incremento en el apoyo humanitario para los afganos, [&hellip;]<\/p>\n","protected":false},"author":2,"featured_media":197545,"comment_status":"closed","ping_status":"closed","sticky":false,"template":"","format":"standard","meta":{"footnotes":""},"categories":[8],"tags":[],"class_list":{"0":"post-197544","1":"post","2":"type-post","3":"status-publish","4":"format-standard","5":"has-post-thumbnail","7":"category-internacionales"},"_links":{"self":[{"href":"https:\/\/elluchador.info\/index.php?rest_route=\/wp\/v2\/posts\/197544","targetHints":{"allow":["GET"]}}],"collection":[{"href":"https:\/\/elluchador.info\/index.php?rest_route=\/wp\/v2\/posts"}],"about":[{"href":"https:\/\/elluchador.info\/index.php?rest_route=\/wp\/v2\/types\/post"}],"author":[{"embeddable":true,"href":"https:\/\/elluchador.info\/index.php?rest_route=\/wp\/v2\/users\/2"}],"replies":[{"embeddable":true,"href":"https:\/\/elluchador.info\/index.php?rest_route=%2Fwp%2Fv2%2Fcomments&post=197544"}],"version-history":[{"count":1,"href":"https:\/\/elluchador.info\/index.php?rest_route=\/wp\/v2\/posts\/197544\/revisions"}],"predecessor-version":[{"id":197546,"href":"https:\/\/elluchador.info\/index.php?rest_route=\/wp\/v2\/posts\/197544\/revisions\/197546"}],"wp:featuredmedia":[{"embeddable":true,"href":"https:\/\/elluchador.info\/index.php?rest_route=\/wp\/v2\/media\/197545"}],"wp:attachment":[{"href":"https:\/\/elluchador.info\/index.php?rest_route=%2Fwp%2Fv2%2Fmedia&parent=197544"}],"wp:term":[{"taxonomy":"category","embeddable":true,"href":"https:\/\/elluchador.info\/index.php?rest_route=%2Fwp%2Fv2%2Fcategories&post=197544"},{"taxonomy":"post_tag","embeddable":true,"href":"https:\/\/elluchador.info\/index.php?rest_route=%2Fwp%2Fv2%2Ftags&post=197544"}],"curies":[{"name":"wp","href":"https:\/\/api.w.org\/{rel}","templated":true}]}}